{"id":6831,"date":"2024-05-09T20:19:32","date_gmt":"2024-05-09T18:19:32","guid":{"rendered":"https:\/\/lechoslaw.dzierzak.eu\/?p=6831"},"modified":"2024-05-10T20:23:41","modified_gmt":"2024-05-10T18:23:41","slug":"wybory-do-rady-pozytku-publicznego","status":"publish","type":"post","link":"https:\/\/lechoslaw.dzierzak.eu\/index.php\/wybory-do-rady-pozytku-publicznego\/","title":{"rendered":"Wybory do Rady Po\u017cytku Publicznego"},"content":{"rendered":"\n<p>Kandydaci:<\/p>\n\n\n\n<p>1.\u00a0<strong>Tomasz Bobryk<\/strong>\u00a0\u2013 Stowarzyszenie Inicjatywa Arka Gdynia \u2013 sport, turystyka, ochrona \u015brodowiska<\/p>\n\n\n\n<p>2.&nbsp;<strong>Agnieszka Bzoma-\u017bebrowska<\/strong>&nbsp;\u2013 Stowarzyszenie Challenge Dance \u2013 kultura, tradycja, sztuka<\/p>\n\n\n\n<p>Kandyduj\u0119, bo:<br>\u2013 mam wiedz\u0119 jako praktyk prawnik-adwokat,<br>\u2013 mam energi\u0119 i ch\u0119ci do dzia\u0142ania jako wieloletni gdy\u0144ski spo\u0142ecznik i wolontariusz, prezes Stowarzyszenia CHD<br>\u2013 znam uwarunkowania lokalnego \u015brodowiska jako rodowita Gdynianka, kt\u00f3rej zale\u017cy na rozwoju sektora NGO w Gdyni,<br>-wiem, \u017ce moje pe\u0142ne zaanga\u017cowanie, ponadprzeci\u0119tna kreatywno\u015b\u0107 i wyj\u0105tkowe umiej\u0119tno\u015bci zarz\u0105dzania czasem s\u0105 gwarantem rzetelno\u015bci dzia\u0142ania w Radzie.<\/p>\n\n\n\n<p>3.&nbsp;<strong>Micha\u0142 Chabel<\/strong>&nbsp;\u2013 Zwi\u0105zek Stowarzysze\u0144 Bank \u017bywno\u015bci w Tr\u00f3jmie\u015bcie \u2013 pomoc spo\u0142eczna, profilaktyka uzale\u017cnie\u0144, aktywizacja zawodowa<\/p>\n\n\n\n<p>Od 20 lat zwi\u0105zany \u015bci\u015ble z sektorem organizacji pozarz\u0105dowych, tw\u00f3rca i nieprzerwanie od 2004 roku prezes Zwi\u0105zku Stowarzysze\u0144 Bank \u017bywno\u015bci w Tr\u00f3jmie\u015bcie. Aktywne dzia\u0142ania Banku \u017bywno\u015bci realizowane s\u0105 na ca\u0142ym terenie wojew\u00f3dztw pomorskiego, ale Gdynia jest szczeg\u00f3lnym miejscem dla Banku \u017bywno\u015bci \u2013 nied\u0142ugo stanie si\u0119 sercem Banku, w zwi\u0105zku z budow\u0105 nowego, bankowego centrum dystrybucyjno-biurowo-logistycznego na terenie Gdyni. Gdynia by\u0142a r\u00f3wnie\u017c pierwszym miastem, we wsp\u00f3\u0142pracy z kt\u00f3rym rozpocz\u0105\u0142 si\u0119 rozw\u00f3j autorskiego, innowacyjnego pomys\u0142u Micha\u0142a Chabla \u2013 sklep\u00f3w spo\u0142ecznych, czyli miejsc, w kt\u00f3rych osoby potrzebuj\u0105ce mog\u0105 nieodp\u0142atnie pozyska\u0107 \u017cywno\u015b\u0107, wybieraj\u0105c j\u0105 kieruj\u0105c si\u0119 swoimi potrzebami. Dlaczego Gdynia? Bo to miasto innowacji, otarte na eksperymenty, chc\u0105ce pomaga\u0107 niekonwencjonalnie. Bank \u017bywno\u015bci to wie, poniewa\u017c \u015bci\u015ble wsp\u00f3\u0142pracuje z 6 organizacjami pozarz\u0105dowymi z terenu Gdyni, wspomagaj\u0105c ich podopiecznych \u017cywno\u015bci\u0105. Do\u015bwiadczenie, empatia, zrozumienie, misyjno\u015b\u0107, a przede wszystkim wizja Gdyni jako Miasta wspieraj\u0105cego III sektor i wizja III sektora gdy\u0144skiego rozwijaj\u0105cego si\u0119 dynamicznie, uprawniaj\u0105 kandydata do starania si\u0119 o miejsce w Gdy\u0144skiej Radzie Organizacji Pozarz\u0105dowych.<\/p>\n\n\n\n<p>4.<strong>&nbsp;Micha\u0142 Dobrodziej-Rewoli\u0144ski<\/strong>&nbsp;\u2013 Fundacja \u015apiewaj \u2013 kultura, tradycja, sztuka<\/p>\n\n\n\n<p>Mieszkaniec Gdyni od urodzenia. Wychowywa\u0142 si\u0119 na Karwinach, a w doros\u0142ym \u017cyciu osiad\u0142 na Pustkach Cisowskich. Zawodowo zajmuje si\u0119 zarz\u0105dzaniem zespo\u0142ami w bran\u017cy hospitality, ale tak\u017ce by\u0142 koordynatorem projekt\u00f3w w mi\u0119dzynarodowej firmie pracuj\u0105cej dla organizacji humanitarnych, w tym agend ONZ. Jego pasj\u0105 jest muzyka. Przeszed\u0142 przer\u00f3\u017cne formacje muzyczne, by zwi\u0105za\u0107 si\u0119 z Gdy\u0144skim Razzle Dazzle Choir, dzia\u0142aj\u0105cym pod skrzyd\u0142ami Fundacji \u015apiewaj! Powierzono mu funkcj\u0119 koordynatora PR i marketingu. Obecnie r\u00f3wnie\u017c pe\u0142ni obowi\u0105zki Dyrektora Ch\u00f3ru. Zaanga\u017cowany w prace na rzecz spo\u0142eczno\u015bci ,w kt\u00f3rych funkcjonuje. Cz\u0142onek i prezes ogniska ZNP od 2021r. By\u0142y cz\u0142onek zarz\u0105du Stowarzyszenia Mi\u0142o\u015bnik\u00f3w Konkursu Piosenki Eurowizji OGAE Polska. W trakcie nauki w IX LO w Gdyni wolontariusz oksywskiego hospicjum.<\/p>\n\n\n\n<p>5.&nbsp;<strong>Ewa Dygaszewicz<\/strong>&nbsp;\u2013 Polskie Stowarzyszenie Diabetyk\u00f3w Odzia\u0142 Wojew\u00f3dzki \u2013 zdrowie i osoby z niepe\u0142nosprawno\u015bci\u0105<\/p>\n\n\n\n<p>Dietetyk, edukator diabetologiczny od wielu lat organizuj\u0105ca akcje profilaktyczne w zakresie zdrowia.<\/p>\n\n\n\n<p>6.&nbsp;<strong>Magdalena Herszkowicz<\/strong>&nbsp;\u2013 Centrum Wsp\u00f3\u0142pracy M\u0142odzie\u017cy \u2013 m\u0142odzie\u017c, edukacja<\/p>\n\n\n\n<p>Kandydatka pracuje w gdy\u0144skim Centrum Wsp\u00f3\u0142pracy M\u0142odzie\u017cy od 2002r. Jako koordynatorka projekt\u00f3w mi\u0119dzynarodowych skierowanych d m\u0142odzie\u017cy. Od 2007r. Dzia\u0142a z zarz\u0105dzie organizacji praz pe\u0142ni funkcj\u0119 dyrektorki programowej. W latach 2009-2011 by\u0142a przedstawicielk\u0105 gdy\u0144skich organizacji w Komisji Konsultacyjnej (Powiatowa RPP) powo\u0142ana przez Prezydenta Miasta Gdyni. W latach 2013-2017 oraz w roku 2023 zatrudniona w MPRiPS \/ NIW jako ekspertka oceniaj\u0105ca wnioski oraz sprawozdania projekt\u00f3w FIO oraz Fundusz M\u0142odzie\u017cowy. Uczestniczka i trenerka na wielu mi\u0119dzynarodowych szkoleniach o tematyce m\u0142odzie\u017cowej, wolontariatu oraz wsp\u00f3\u0142pracy mi\u0119dzynarodowej. Z wykszta\u0142cenia menad\u017cer: Wydzia\u0142 Zarz\u0105dzania i Marketingu na UG oraz Podyplomowe Studium Rachunkowo\u015bci i Finans\u00f3w.<\/p>\n\n\n\n<p>7.&nbsp;<strong>Anna Jaroszewska<\/strong>&nbsp;\u2013 Fundacja L\u2019Arche Oddzia\u0142 w Gdyni \u2013 zdrowie i osoby z niepe\u0142nosprawno\u015bci\u0105<\/p>\n\n\n\n<p>Od 5 lat pe\u0142ni rol\u0119 Dyrektora w gdy\u0144skim Oddziale L\u2019Arche, prowadz\u0105c przede wszystkim Dom o charakterze rodzinnym, w kt\u00f3rym Gospodarzami s\u0105 doros\u0142e osoby z niepe\u0142nosprawno\u015bci\u0105. Z Fundacj\u0105 L\u2019Arche jest zwi\u0105zana od 2010roku, a swoje pierwsze do\u015bwiadczenie wsp\u00f3\u0142tworzenia domu L\u2019Arche z OzNI zdoby\u0142a w Kenii jako wolontariusz, a p\u00f3\u017aniej przez 8 lat pracowa\u0142a w Oddziale wroc\u0142awskim. Pochodzi z G\u00f3rnego \u015al\u0105ska, jednak po\u0142ow\u0119 swojego \u017cycia sp\u0119dzi\u0142a we Wroc\u0142awiu, gdzie studiowa\u0142a m.in. fizjoterapi\u0119 i logopedi\u0119. Czuje si\u0119 zaproszona przez OzNI do poznania ich perspektywy patrzenia na \u015bwiat i starania si\u0119, by ich \u201eg\u0142os\u201d by\u0142 s\u0142yszalny i brany pod uwag\u0119 w ka\u017cdym obszarze ich \u017cycia. Od miejsca zamieszkania do \u017cycia spo\u0142ecznego.<\/p>\n\n\n\n<p>8.&nbsp;<strong>Ma\u0142gorzata Kie\u0142t<\/strong>&nbsp;\u2013 Fundacja Planet for Generations \u2013 sport, turystyka, ochrona \u015brodowiska<\/p>\n\n\n\n<p>Z wykszta\u0142cenia re\u017cyser filmowy oraz fotograf. Od 2015r. Prowadzi firm filmowo-fotograficzn\u0105. Od 2020r. Prezes Fundacji Planet for Generations. Prywatnie mama dw\u00f3ch ch\u0142opc\u00f3w w wieku 2,5 oraz 8,5 lat. Pasjonatka \u017ceglarstwa, nurkowania i ceramiki<\/p>\n\n\n\n<p>9.&nbsp;<strong>Sabina Kliber<\/strong>&nbsp;\u2013 Fundacja Przytulone Emocje \u2013 zdrowie i osoby z niepe\u0142nosprawno\u015bci\u0105<\/p>\n\n\n\n<p>Certyfikowana Providerka TRE. TRE to praca z cia\u0142em, maj\u0105ca na celu pozbycie si\u0119 napi\u0119\u0107 nie tylko mi\u0119\u015bniowych, ale i emocjonalnych. Fundacja Przytulone Emocje zosta\u0142a powo\u0142ana do \u017cycia, aby pomaga\u0107 ludziom z problemami natury psychicznej i psychosomatycznej.<\/p>\n\n\n\n<p>10.&nbsp;<strong>Danuta K\u0142opocka<\/strong>&nbsp;\u2013 ADAPA Fundacja na rzecz os\u00f3b z Autyzmem i innymi zaburzeniami rozwoju \u2013 zdrowie i osoby z niepe\u0142nosprawno\u015bci\u0105<\/p>\n\n\n\n<p>Prezes Zarz\u0105du Fundacji ADAPA, kierownik warsztatu terapii zaj\u0119ciowej Fundacji ADAPA. Nauczyciel akademicki. Uko\u0144czy\u0142a studia magisterskie na kierunku filologii polskiej, wy\u017csze humanistyczne studia doktorskie oraz dwustopniowe podyplomowe studia specjalistyczne na NPDN Synapsis w ramach projektu Akademia-Autyzm. Po kilkunastu latach pracy jako nauczyciel akademicki w 2006 roku rozpocz\u0119\u0142a prac\u0119 w sektorze pozarz\u0105dowym na rzecz os\u00f3b z niepe\u0142nosprawno\u015bci\u0105 intelektualn\u0105 i rozwojow\u0105. Uczestniczy\u0142a czynnie w wielu kursach, szkoleniach i konferencjach naukowych. Prowadzi szkolenia z zakresu specyfiki zaburze\u0144 os\u00f3b z ASD. Cz\u0142onek Rady Programowej kierunk\u00f3w pedagogicznych WSB Gda\u0144sk. By\u0142y cz\u0142onek Gdy\u0144skiej Rady Dzia\u0142alno\u015bci Po\u017cytku Publicznego (kadencja 2021-2023). Cz\u0142onek Powiatowej Spo\u0142ecznej Rad ds. Os\u00f3b Niepe\u0142nosprawnych w Gdyni. Wsp\u00f3\u0142autor projekt\u00f3w z zakresu innowacji spo\u0142ecznych \u201eMistrzowie s\u0105 w\u015br\u00f3d nas\u201d, \u201eSeniora i co dalej\u201d. Spo\u0142ecznie dla NGO pracuje od lat licealnych.<\/p>\n\n\n\n<p>11.&nbsp;<strong>Tomasz Ko\u017cuchowski<\/strong>&nbsp;\u2013 Stowarzyszenie Flauta \u2013 sport, turystyka, ochrona \u015brodowiska<\/p>\n\n\n\n<p>12.&nbsp;<strong>Olga Kraso\u0144<\/strong>&nbsp;\u2013 Towarzystwo Mi\u0142o\u015bnik\u00f3w Gdyni \u2013 kultura, tradycja, sztuka<\/p>\n\n\n\n<p>Urodzona w Gdyni w 1972 roku. Cz\u0142onkini zarz\u0105du Towarzystwa Mi\u0142o\u015bnik\u00f3w Gdyni, spo\u0142eczna dzia\u0142aczka na rzecz gdynian i ich tradycyjnych korzeni muzycznych. Za\u0142o\u017cycielka, liderka gdy\u0144skiego zespo\u0142u Akademia G\u0142os\u00f3w Tradycji, \u015bpiewaj\u0105cego polskie pie\u015bni tradycyjne. Wraz z zespo\u0142em nominowana do Gdy\u0144skich Galion\u00f3w za 2023 r. Organizatorka koncert\u00f3w, Zaj\u015b\u0107 Kol\u0119dniczych, warsztat\u00f3w \u015bpiewu, ta\u0144ca tradycyjnego i r\u0119kodzie\u0142a ludowego. Wsp\u00f3\u0142tworzy\u0142a w ramach projekt\u00f3w spektakle \u201eOpowie\u015b\u0107 o rzeczach ostatecznych\u201d i \u201eRodziance\u201d w Teatrze Gdynia G\u0142\u00f3wna. Cz\u0142onkini Stowarzyszenia Tr\u00f3jwiejska. Pracuje w Teatrze Gdynia G\u0142\u00f3wna. Absolwenta handlu morskiego na UG oraz SWPS w Poznaniu.<\/p>\n\n\n\n<p>13.&nbsp;<strong>Kordian Kulaszewicz<\/strong>&nbsp;\u2013 Fundacja Adaptacja \u2013 seniorzy, kombatanci<br>Prowadzi \u015awietlic\u0119 Opieku\u0144cz\u0105 przy Fundacji Adaptacja, gdzie pracuje z niepe\u0142nosprawnymi seniorami zapewniaj\u0105c im ca\u0142odzienn\u0105 opiek\u0119, rehabilitacj\u0119 i terapi\u0119 zaj\u0119ciow\u0105. Organizuje zaj\u0119cia aktywizuj\u0105ce dla os\u00f3b starszych w ramach Klubu Seniora w Gdyni Cisowej i Przystani Chabrowa. W ramach aktywizacji grup marginalizowanych spo\u0142ecznie oraz znoszenia barier w dost\u0119pno\u015bci do kultury anga\u017cuje si\u0119 w organizowanie charytatywnych koncert\u00f3w mi\u0119dzypokoleniowych oraz festyn\u00f3w rodzinnych i wycieczek. Jest cz\u0142onkiem Gdy\u0144skiej Rady ds. Senior\u00f3w, Gdy\u0144skiej Rady ds. Bud\u017cetu Obywatelskiego oraz radnym Gdyni Chyloni. W ostatnich latach by\u0142 asystentem Przewodnicz\u0105cej Sejmowej Komisji ds Polityki Senioralnej i cz\u0142onkiem Konsultacyjnej Rady ds. Os\u00f3b Niepe\u0142nosprawnych przy Ministerstwie Rodziny, Pracy i Polityki Spo\u0142ecznej, Cz\u0142onkiem Powiatowej Rady ds Os\u00f3b Niepe\u0142nosprawnych i cz\u0142onkiem GRDPP. Od wielu lat wsp\u00f3\u0142pracuje z Centrum Aktywno\u015bci Seniora.<\/p>\n\n\n\n<p>14.&nbsp;<strong>Mirella Kwapich<\/strong>&nbsp;\u2013 Fundacja im. Jadwigi Adamowicz \u2013 sport, turystyka, ochrona \u015brodowiska<\/p>\n\n\n\n<p>Prezes Fundacji prozwierz\u0119cej.<\/p>\n\n\n\n<p>15.&nbsp;<strong>Piotr Lewko<\/strong>&nbsp;\u2013 Stowarzyszenie Ovum \u2013 pomoc spo\u0142eczna, profilaktyka uzale\u017cnie\u0144, aktywizacja zawodowa<\/p>\n\n\n\n<p>Od 2009r. zwi\u0105zany ze Stowarzyszeniem OVUM, gdzie przeszed\u0142 d\u0142ug\u0105 drog\u0119 wolontariusza w Biurze Porad Obywatelskich w Gdyni przy ul. Traugutta 2 do prezesa zarz\u0105du organizacji. Reprezentuje trzeci sektor w Radzie Nieodp\u0142atnej Pomocy Prawnej przy Ministrze Sprawiedliwo\u015bci i Komitecie Steruj\u0105co-Monitoruj\u0105cym Rz\u0105dowego Programu Wspierania Rozwoju Organizacji Poradniczych NIW-CRSO oraz zasiada w Radzie Programowej Og\u00f3lnopolskiej Sieci Organizacji Pozarz\u0105dowych przeciwko Handlowi Lud\u017ami. Formalnie jest radc\u0105 prawym, doradc\u0105 obywatelskim, mediatorem i trenerem, cho\u0107 w rzeczywisto\u015bci ca\u0142y sw\u00f3j czas po\u015bwi\u0119ca na wsp\u00f3\u0142prac\u0119 z organizacjami pozarz\u0105dowymi i wspieranie inicjatyw spo\u0142ecznych.<\/p>\n\n\n\n<p>16.&nbsp;<strong>Tomasz Mrozek Gliszczy\u0144ski<\/strong>&nbsp;\u2013 Fundacja Zio\u0142ogr\u00f3d \u2013 kultura, tradycja, sztuka<\/p>\n\n\n\n<p>Jako zielarz przybli\u017ca otaczaj\u0105cy nas \u015bwiat ro\u015blin. Od ponad 4 lat prowadzi spacery zielarskie, a od ponad ponad roku ju\u017c jako Fundacja Zio\u0142ogr\u00f3d uczy, pokazuje i propaguje okoliczn\u0105 flor\u0119. \u201ePrzyroda jest niesamowita, pochylamy si\u0119 nad ni\u0105 ka\u017cdego dnia. Niech Gdynia zielon\u0105 b\u0119dzie\u201d.<\/p>\n\n\n\n<p>17.&nbsp;<strong>Micha\u0142 Pupel<\/strong>&nbsp;\u2013 Stowarzyszenie Halo Kultura \u2013 kultura, tradycja, sztuka<\/p>\n\n\n\n<p>Animator kultury, organizator koncert\u00f3w w Stowarzyszeniu Halo Kultura, przewodnik miejski, lider zespo\u0142u Kier Office, wsp\u00f3\u0142kurator festiwalu OpenHause Gdynia. Od 2008 roku aktywnie dzia\u0142a na rzecz gdy\u0144skiej kultury i historycznego dziedzictwa Gdyni.<\/p>\n\n\n\n<p>18.&nbsp;<strong>Marek Radyko<\/strong>&nbsp;\u2013 Stowarzyszenie In Gremio \u2013 m\u0142odzie\u017c, edukacja<\/p>\n\n\n\n<p>W szkolnictwie niepublicznym od 1999r., od 2005 roku Dyrektor Pierwszej Spo\u0142ecznej Szko\u0142y Podstawowej w Gdyni. O wielu lat czynnie zaanga\u017cowany w prac\u0119 nad rozwojem niepublicznej o\u015bwiaty w Gdyni, wolontariatem, edukacj\u0105 obywatelsk\u0105, kultur\u0105, promowaniem sportu, rekreacji oraz zr\u00f3wnowa\u017conego transportu. By\u0142y cz\u0142onek GRDPP oraz by\u0142y cz\u0142onek Gdy\u0144skiej Rady Rowerowej. Trener zagadnie\u0144 zwi\u0105zanych z III sektorem, edukacj\u0105 obywatelsk\u0105, wolontariatem i prawami cz\u0142owieka. Podsiada do\u015bwiadczenie w organizacji wydarze\u0144 dla du\u017cych grup odbiorc\u00f3w. Konsultant reprezentanta sektora pozarz\u0105dowego w ramach projektu Enter.HUB Gdynia. Koordynator i organizator wielu edukacyjnych i obywatelskich projekt\u00f3w grantowych. Organizator wielu projekt\u00f3w dla mieszka\u0144c\u00f3w Gdyni m.in. Gdy\u0144skiej Szko\u0142y Rowerowej, Gdy\u0144skich Nocnych Przejazd\u00f3w Rowerowych, Miko\u0142aje na rowerach, European Cycling Challenge, Race for the Baltic. Od ponad 15 lat szef sztabu WO\u015aP \u2013 organizator g\u0142\u00f3wnych imprez gdy\u0144skich zwi\u0105zanych z fina\u0142em WO\u015aP \u2013 imprez plenerowych, sportowych, koncert\u00f3w i pokaz\u00f3w.<\/p>\n\n\n\n<p>19.<strong>&nbsp;Emil Reszczy\u0144ski<\/strong>&nbsp;\u2013 M\u0142odzi Na Rzecz Gdyni Gdynianka \u2013 m\u0142odzie\u017c, edukacja<\/p>\n\n\n\n<p>Za\u0142o\u017cyciel Stowarzyszenia Gdynianka, student prawa na Uniwersytecie Gda\u0144skim, od kilku lat dzia\u0142aj\u0105cy na rzecz poprawy \u015bwiadomo\u015bci obywatelskiej w Gdyni. Stowarzyszenie prowadzi dzia\u0142alno\u015b\u0107 stra\u017cnicz\u0105 i prospo\u0142eczn\u0105.<\/p>\n\n\n\n<p>20.&nbsp;<strong>Mariusz Rozborski<\/strong>&nbsp;\u2013 Fundacja Prosto z serca \u2013 zdrowie i osoby z niepe\u0142nosprawno\u015bci\u0105<\/p>\n\n\n\n<p>W oparciu o w\u0142asne do\u015bwiadczenia i wieloletnie bliskie relacje z innymi osobami niepe\u0142nosprawnymi zapozna\u0142 si\u0119 z wieloma problemami z jakimi borykaj\u0105 si\u0119 nie tylko osoby z niepe\u0142nosprawno\u015bciami, ale r\u00f3wnie\u017c ich rodzice i opiekunowie. W 2018 roku powo\u0142a\u0142 Fundacj\u0119 Prosto z Serca, kt\u00f3rej celem jest niesienie pomocy osobom z niepe\u0142nosprawno\u015bciami w zakresie organizacji i finansowania rehabilitacji, pomocy psychologicznej, terapii zaj\u0119ciowej, zaj\u0119\u0107 integracyjno-motywacyjnych oraz dzia\u0142a\u0144 ukierunkowanych na integracj\u0119 os\u00f3b z niepe\u0142nosprawno\u015bciami z lokaln\u0105 spo\u0142eczno\u015bci\u0105. Od 2019r. jest cz\u0142onkiem Spo\u0142ecznej Powiatowej Rady ds. Os\u00f3b Niepe\u0142nosprawnych w Gdyni. Z wykszta\u0142cenia oligofernopedagog, zmagaj\u0105cy si\u0119 z niepe\u0142nosprawno\u015bci\u0105 ruchow\u0105 od urodzenia.<\/p>\n\n\n\n<p>21.&nbsp;<strong>Ewa Rymar<\/strong>&nbsp;\u2013 Fundacja Inter Art. \u2013 Artystyczna Grupa Wsparcia \u2013 kultura, tradycja, sztuka<\/p>\n\n\n\n<p>Od 2020 roku zarz\u0105dza Fundacj\u0105 Inter Art \u2013 Artystyczna Grupa Wsparcia jako Prezes. Posiada do\u015bwiadczenie w prowadzeniu i zarz\u0105dzaniu biurem dla r\u00f3\u017cnych pracodawc\u00f3w. Aktualnie zajmuje si\u0119 dokumentacj\u0105 i koordynowaniem dzia\u0142a\u0144 Fundacji. Wspiera swoj\u0105 wiedz\u0105 i do\u015bwiadczeniem osoby, kt\u00f3re borykaj\u0105 si\u0119 z problemami uzale\u017cnie\u0144 od substancji oraz z zaburzeniami behawioralnyymi, a tak\u017ce osoby w kryzysach emocjonalnych (r\u00f3wnie\u017c w depresji). Organizuje wydarzenia zwi\u0105zane z kultur\u0105 i sztuk\u0105, a tak\u017ce wydarzenia buduj\u0105ce \u015bwiadomo\u015b\u0107 profilaktyki zdrowia psychofizycznego.<\/p>\n\n\n\n<p>22.&nbsp;<strong>Jerzy Smyczy\u0144ski<\/strong>&nbsp;\u2013 Ekologiczne Stowarzyszenie Przyjaci\u00f3\u0142 Tr\u00f3jmiejskiego Parku Krajobrazowego EKOPARK \u2013 sport, turystyka, ochrona \u015brodowiska<\/p>\n\n\n\n<p>W stowarzyszeniu dzia\u0142a od 25 lat. Obecnie pe\u0142ni funkcj\u0119 Prezesa Zarz\u0105du Stowarzyszenia. W latach ubieg\u0142ych dzia\u0142a\u0142 w Gdy\u0144skiej Radzie Dzia\u0142alno\u015bci Po\u017cytku Publicznego oraz Pomorskiej Radzie Dzia\u0142alno\u015bci Po\u017cytku Publicznego.<\/p>\n\n\n\n<p>23.&nbsp;<strong>Joanna Statuch<\/strong>&nbsp;\u2013 PTTK Klub Turystyczny Wybrze\u017ce \u2013 PTTTK Odzia\u0142 Regionalny w Gda\u0144sku im. dr Mariana Czy\u017cewskiego \u2013 sport, turystyka, ochrona \u015brodowiska<\/p>\n\n\n\n<p>Od 2016r. cz\u0142onek Polskiego Towarzystwa Turystyczno-Krajoznawczego. Za\u0142o\u017cycielka (w 2017r.) PTTK Klubu Turystycznego Wybrze\u017ce, dzia\u0142aj\u0105cego w ramach PTTK Oddzia\u0142u Regionalnego w Gda\u0144sku. Jest jego Prezesk\u0105 od pocz\u0105tku istnienia Klubu. Zajmuje si\u0119 kwestiami organizacyjnymi i planuje wycieczki. Posiadane uprawnienia: organizator turystyki PTTK, instruktor krajoznawstwa regionu, przewodnik Muzeum Emigracji w Gdyni, Muzeum Kart do Gry w Gdyni, instruktor nordic walking, ratownik. Kandydatka uko\u0144czy\u0142a i posiada certyfikat Akademii Liderek NGO. Jako Prezeska Klubu Wybrze\u017ce z sukcesem organizuje liczne wydarzenia takie jak: wycieczki, w\u0119dr\u00f3wki, prelekcje, spotkania z podr\u00f3\u017cnikami. Cz\u0119\u015b\u0107 tych wydarze\u0144 dedykowana jest o osobom z niepe\u0142nosprawno\u015bciami we wsp\u00f3\u0142pracy ze Stowarzyszeniem \u201eDlaczego nie\u201d oraz Stowarzyszeniem \u201eCool-awi\u201d. Jest wolontariuszk\u0105 Rezerwatu Przyrody Beka, gdzie zajmuje si\u0119 ochron\u0105 siedlisk we wsp\u00f3\u0142pracy z Og\u00f3lnopolskim Towarzystwem Ochrony Ptak\u00f3w. Od 2016r. jest pracownikiem UM Gdyni. W ramach swojej pracy obs\u0142uguje Biura Rad Dzielnic, wsp\u00f3\u0142pracuje z r\u00f3\u017cnymi jednostkami miejskim oraz organizacjami pozarz\u0105dowymi.<\/p>\n\n\n\n<p>24.&nbsp;<strong>Justyna Sudzik<\/strong>&nbsp;\u2013 Fundacja Przytulny Domek \u2013 m\u0142odzie\u017c, edukacja<\/p>\n\n\n\n<p>Nauczyciel j\u0119zyka polskiego, etyki i filozofii, wychowawca \u015bwietlicy, pilot wycieczek, przysz\u0142y technik us\u0142ug kosmetycznych, Prezes Fundacji Przytulny Domek, Sekretarz Oddzia\u0142u Morskiego PTTK, organizator turystyki PTTK, certyfikowany edukator Pozytywnej Dyscypliny dla rodzic\u00f3w, wczesnego dzieci\u0144stwa i w klasie, certyfikowany Ambasador UNICEF, certyfikowany Ambasador Pi\u0119kna po Akademii Professional, uko\u0144czony IV stopniowy kurs na kierunku Ceramika, kierownik oboz\u00f3w letnich i zimowych, trener nauczycieli, cz\u0142onek Polskiego Stowarzyszenia im. Janusza Korczaka, mama trzech syn\u00f3w. Fascynuje si\u0119 cz\u0142owiekiem, \u015bwiatem, \u017cyciem. Pomaga innym z sercem na d\u0142oni, lubi podr\u00f3\u017cowa\u0107 i poznawa\u0107 nowe miejsca, morsuje, korzysta z sauny, w szumie fal i zapachu lasu odpoczywa i w tym czasie znajduje czas na z\u0142apanie balansu mi\u0119dzy pomaganiem innym a dbaniem o w\u0142asne potrzeby. Jej motto \u017cyciowe: \u201eBy\u0107 dobrym jak chleb\u201d (\u015bw. Brat Albert Chmielowski), a zawodowe: \u201eChc\u0119 nauczy\u0107 rozumie\u0107 i kocha\u0107\u201d (Janusz Korczak).<\/p>\n\n\n\n<p>25.&nbsp;<strong>Jan Szymczuk<\/strong>&nbsp;\u2013 Uczniowski Klub Sportowy \u201eGromik Gdynia\u201d \u2013 sport, turystyka, ochrona \u015brodowiska<\/p>\n\n\n\n<p>Mieszka w Gdyni. Absolwent Akademii Wychowania Fizycznego w Gda\u0144sku o specjalno\u015bci nauczyciel wychowania fizycznego, trener p\u0142ywania, instruktor strzelania. Przez wiele lat trener i kierownik sekcji p\u0142ywania WKS Flota Gdynia. Propagator pi\u0119cioboju nowoczesnego w wojew\u00f3dztwie pomorskim. Za\u0142o\u017cyciel Pomorskiego Okr\u0119gowego Zwi\u0105zku Pi\u0119cioboju Nowoczesnego, oraz klub\u00f3w: UKS Gromik Gdynia i MUKS Kosakowo. Trener koordynator kadry wojew\u00f3dztwa pomorskiego w pi\u0119cioboju nowoczesnym. Trener p\u0142ywania i strzelania w UK Gromik Gdynia i MUKS Kosakowo. Wychowawca medalist\u00f3w Mistrzostw Polski, Europy, \u015awiata w pi\u0119cioboju nowoczesnym. W Gdy\u0144skim Programie \u201eWgraj si\u0119\u201d prowadzonym dla szk\u00f3\u0142 podstawowych otrzyma\u0142 od dzieci najwy\u017csz\u0105 ocen\u0119 za prowadzone zaj\u0119cia. Zaanga\u017cowany w inicjatywy i akcje na rzecz szk\u00f3\u0142 gdy\u0144skiej m\u0142odzie\u017cy szkolnej promuj\u0105c sport w\u015br\u00f3d dzieci i m\u0142odzie\u017cy. Od wielu lat jest ambasadorem zawod\u00f3w dla dzieci, m\u0142odzie\u017cy i doros\u0142ych w Laser Run \u2013 strzel i biegnij. Uwa\u017ca, \u017ce konsekwencja, po\u015bwiecenie i zasady fair play s\u0105 wa\u017cne nie tylko w sporcie, ale r\u00f3wnie\u017c w \u017cyciu publicznym.<\/p>\n\n\n\n<hr class=\"wp-block-separator has-alpha-channel-opacity\"\/>\n\n\n\n<p><img loading=\"lazy\" decoding=\"async\" src=\"https:\/\/static.xx.fbcdn.net\/images\/emoji.php\/v9\/t77\/1\/16\/203c.png\" alt=\"\u203c\ufe0f\" width=\"16\" height=\"16\">&nbsp;Przypominamy&nbsp;<img loading=\"lazy\" decoding=\"async\" src=\"https:\/\/static.xx.fbcdn.net\/images\/emoji.php\/v9\/t77\/1\/16\/203c.png\" alt=\"\u203c\ufe0f\" width=\"16\" height=\"16\"><\/p>\n\n\n\n<p><img loading=\"lazy\" decoding=\"async\" src=\"https:\/\/static.xx.fbcdn.net\/images\/emoji.php\/v9\/t51\/1\/16\/1f449.png\" alt=\"\ud83d\udc49\" width=\"16\" height=\"16\">&nbsp;G\u0142osowanie odbywa\u0107 si\u0119 b\u0119dzie w dniach od 8 do 16 maja 2024 roku. G\u0142osowa\u0107 mo\u017cna:<\/p>\n\n\n\n<p><img loading=\"lazy\" decoding=\"async\" src=\"https:\/\/static.xx.fbcdn.net\/images\/emoji.php\/v9\/tf3\/1\/16\/1f539.png\" alt=\"\ud83d\udd39\" width=\"16\" height=\"16\">&nbsp;osobi\u015bcie w lokalu Gdy\u0144skiego Centrum Organizacji Pozarz\u0105dowych (Karta do g\u0142osowania wydawana b\u0119dzie po weryfikacji uprawnienia do g\u0142osowania);<\/p>\n\n\n\n<p><img loading=\"lazy\" decoding=\"async\" src=\"https:\/\/static.xx.fbcdn.net\/images\/emoji.php\/v9\/tf3\/1\/16\/1f539.png\" alt=\"\ud83d\udd39\" width=\"16\" height=\"16\">&nbsp;za po\u015brednictwem operatora pocztowego (Karta do g\u0142osowania jest udost\u0119pniona do pobrania pod niniejszym artyku\u0142em. Karta musi by\u0107 podpisana przez osoby uprawnione do g\u0142osowania. Liczy si\u0119 data wp\u0142ywu do Urz\u0119du Miasta Gdyni);<\/p>\n\n\n\n<p><img loading=\"lazy\" decoding=\"async\" src=\"https:\/\/static.xx.fbcdn.net\/images\/emoji.php\/v9\/tf3\/1\/16\/1f539.png\" alt=\"\ud83d\udd39\" width=\"16\" height=\"16\">&nbsp;za pomoc\u0105 poczty elektronicznej (Karta do g\u0142osowania jest udost\u0119pniona do pobrania pod niniejszym artyku\u0142em. Kart\u0119 nale\u017cy przes\u0142a\u0107 na adres ngo@gdynia.pl z adresu zarejestrowanego w Gdy\u0144skim Banku Danych o organizacjach pozarz\u0105dowych, liczy si\u0119 data wp\u0142ywu).<\/p>\n\n\n\n<p><img loading=\"lazy\" decoding=\"async\" src=\"https:\/\/static.xx.fbcdn.net\/images\/emoji.php\/v9\/tba\/1\/16\/1f4e3.png\" alt=\"\ud83d\udce3\" width=\"16\" height=\"16\">&nbsp;Wyniki zostan\u0105 og\u0142oszone do dnia 27 maja 2024 roku.<\/p>\n\n\n\n<figure class=\"wp-block-embed\"><div class=\"wp-block-embed__wrapper\">\nhttps:\/\/www.gdynia.pl\/mieszkaniec\/gdynska-rada-dzialalnosci-pozytku-publicznego,3907\/gdynska-rada-dzialalnosci-pozytku-publicznego,390026?fbclid=IwZXh0bgNhZW0CMTAAAR0KCh3JgXA3VXrN4YEdKuLpiQZvfbDasFzDbltqLZV1cvs51syV9_DkRH0_aem_AYjYYi1Am2-5O9-2r9d1WdQpEO_KNTLpMpN-ijMTnK1sGVvzRjU1pGgdvEfldZVHbqpgDFxk0ON1L08yQsMxHN7Q\n<\/div><\/figure>\n","protected":false},"excerpt":{"rendered":"<p>>><\/p>\n","protected":false},"author":1,"featured_media":6833,"comment_status":"open","ping_status":"open","sticky":false,"template":"","format":"standard","meta":{"footnotes":""},"categories":[1],"tags":[],"_links":{"self":[{"href":"https:\/\/lechoslaw.dzierzak.eu\/index.php\/wp-json\/wp\/v2\/posts\/6831"}],"collection":[{"href":"https:\/\/lechoslaw.dzierzak.eu\/index.php\/wp-json\/wp\/v2\/posts"}],"about":[{"href":"https:\/\/lechoslaw.dzierzak.eu\/index.php\/wp-json\/wp\/v2\/types\/post"}],"author":[{"embeddable":true,"href":"https:\/\/lechoslaw.dzierzak.eu\/index.php\/wp-json\/wp\/v2\/users\/1"}],"replies":[{"embeddable":true,"href":"https:\/\/lechoslaw.dzierzak.eu\/index.php\/wp-json\/wp\/v2\/comments?post=6831"}],"version-history":[{"count":3,"href":"https:\/\/lechoslaw.dzierzak.eu\/index.php\/wp-json\/wp\/v2\/posts\/6831\/revisions"}],"predecessor-version":[{"id":6837,"href":"https:\/\/lechoslaw.dzierzak.eu\/index.php\/wp-json\/wp\/v2\/posts\/6831\/revisions\/6837"}],"wp:featuredmedia":[{"embeddable":true,"href":"https:\/\/lechoslaw.dzierzak.eu\/index.php\/wp-json\/wp\/v2\/media\/6833"}],"wp:attachment":[{"href":"https:\/\/lechoslaw.dzierzak.eu\/index.php\/wp-json\/wp\/v2\/media?parent=6831"}],"wp:term":[{"taxonomy":"category","embeddable":true,"href":"https:\/\/lechoslaw.dzierzak.eu\/index.php\/wp-json\/wp\/v2\/categories?post=6831"},{"taxonomy":"post_tag","embeddable":true,"href":"https:\/\/lechoslaw.dzierzak.eu\/index.php\/wp-json\/wp\/v2\/tags?post=6831"}],"curies":[{"name":"wp","href":"https:\/\/api.w.org\/{rel}","templated":true}]}}