{"id":6826,"date":"2024-05-06T20:18:02","date_gmt":"2024-05-06T18:18:02","guid":{"rendered":"https:\/\/lechoslaw.dzierzak.eu\/?p=6826"},"modified":"2024-05-15T11:33:31","modified_gmt":"2024-05-15T09:33:31","slug":"wybory-do-rad-dzielnic-19-maja","status":"publish","type":"post","link":"https:\/\/lechoslaw.dzierzak.eu\/index.php\/wybory-do-rad-dzielnic-19-maja\/","title":{"rendered":"Wybory do Rad Dzielnic &#8211; 19 maja"},"content":{"rendered":"\n<p>W niedziel\u0119, 19 maja 2024, odb\u0119d\u0105 si\u0119 kolejne \u2013 r\u00f3wnie wa\u017cne dla Gdyni wybory \u2013 tym razem do Rad Dzielnic. Osoby, kt\u00f3re zostan\u0105 wybrane b\u0119d\u0105 podejmowa\u0107 decyzje o lokalnych inwestycjach i innych dzia\u0142aniach realizowanych w najbli\u017cszym nam otoczeniu, czyli w\u0142a\u015bnie dzielnicach. St\u0105d wa\u017cne jest, aby wyb\u00f3r pad\u0142 na te osoby, kt\u00f3re znamy z dzia\u0142alno\u015bci i wiemy, \u017ce b\u0119d\u0105 podejmowa\u0107 dobre dla Gdyni dzia\u0142ania.<\/p>\n\n\n\n<p>Wybory odb\u0119d\u0105 si\u0119 w najbli\u017csz\u0105 niedziel\u0119 19 maja. Co wa\u017cne \u2013 komisje do g\u0142osowania mog\u0105 by\u0107 w innych miejscach ni\u017c te, kt\u00f3re odwiedzali\u015bcie podczas wybor\u00f3w samorz\u0105dowych czy parlamentarnych. Aby znale\u017a\u0107 swoj\u0105 komisj\u0119 wyborcz\u0105 \u2013 najlepiej odwied\u017acie stron\u0119: <a href=\"https:\/\/bip.um.gdynia.pl\/wybory-do-rad-dzielnic\" data-type=\"link\" data-id=\"https:\/\/bip.um.gdynia.pl\/wybory-do-rad-dzielnic\">https:\/\/bip.um.gdynia.pl\/wybory-do-rad-dzielnic<\/a> Na dole jest za\u0142\u0105cznik o nazwie: \u201e<em>Zarz\u0105dzenie Prezydenta Miasta Gdyni w sprawie utworzenia obwod\u00f3w g\u0142osowania<\/em>\u201d Po klikni\u0119ciu w niego mo\u017cecie zobaczy\u0107 dok\u0142adnie, gdzie znajduje si\u0119 Wasza komisja wyborcza.<\/p>\n\n\n\n<p>O ile zastanawiacie si\u0119 kto znajduje si\u0119 na listach i na kogo warto odda\u0107 g\u0142os \u2013 oczywi\u015bcie mo\u017cecie poszuka\u0107 informacji o osobach kandyduj\u0105cych w mediach spo\u0142eczno\u015bciowych lub skorzysta\u0107 z mojej opinii. W za\u0142\u0105czeniu przesy\u0142am zestawienie os\u00f3b, kt\u00f3re startuj\u0105 w tych dzielnicach, gdzie b\u0119dzie najwi\u0119ksza rywalizacja i o kt\u00f3rych wiem, \u017ce mog\u0105 merytorycznie anga\u017cowa\u0107 si\u0119 w dzia\u0142ania rady dzielnicy. O ile chcecie \u2013 rozwa\u017ccie i poczytajcie o proponowanej przeze mnie osobie w mediach spo\u0142eczno\u015bciowych lub dopytajcie ju\u017c bezpo\u015brednio j\u0105 osobi\u015bcie o jej pomys\u0142y na miasto.<\/p>\n\n\n\n<p class=\"has-luminous-vivid-amber-background-color has-background\">Lista proponowanych os\u00f3b do rozwa\u017cenia w wybranych dzielnicach Gdyni:<\/p>\n\n\n\n<figure class=\"wp-block-table\"><table><tbody><tr><td><strong>Babie Do\u0142y<\/strong><\/td><\/tr><tr><td>GMYREK Adam<\/td><\/tr><tr><td><strong>Ob\u0142u\u017ce<\/strong><\/td><\/tr><tr><td>JAMRO\u017bY Bartosz<\/td><\/tr><tr><td><strong>Cisowa<\/strong><\/td><\/tr><tr><td>CA\u0141A Joanna<\/td><\/tr><tr><td><strong>Chylonia<\/strong><\/td><\/tr><tr><td>D\u0104BKOWSKI Marek<\/td><\/tr><tr><td><strong>Wielki Kack<\/strong><\/td><\/tr><tr><td>MUCZY\u0143SKA Katarzyna<\/td><\/tr><tr><td><strong>D\u0105browa<\/strong><\/td><\/tr><tr><td>(ja) DZIER\u017bAK Lechos\u0142aw<\/td><\/tr><tr><td><strong>Witomino<\/strong><\/td><\/tr><tr><td>WOJNICKI Maciej<\/td><\/tr><\/tbody><\/table><\/figure>\n\n\n\n<p>pozdrawiam<\/p>\n\n\n\n<figure class=\"wp-block-image size-large\"><a href=\"https:\/\/lechoslaw.dzierzak.eu\/wp-content\/uploads\/2024\/05\/wybory-RD-Dabrowa-kandydaci-scaled.jpg\"><img loading=\"lazy\" decoding=\"async\" width=\"723\" height=\"1024\" src=\"https:\/\/lechoslaw.dzierzak.eu\/wp-content\/uploads\/2024\/05\/wybory-RD-Dabrowa-kandydaci-723x1024.jpg\" alt=\"\" class=\"wp-image-6827\" srcset=\"https:\/\/lechoslaw.dzierzak.eu\/wp-content\/uploads\/2024\/05\/wybory-RD-Dabrowa-kandydaci-723x1024.jpg 723w, https:\/\/lechoslaw.dzierzak.eu\/wp-content\/uploads\/2024\/05\/wybory-RD-Dabrowa-kandydaci-212x300.jpg 212w, https:\/\/lechoslaw.dzierzak.eu\/wp-content\/uploads\/2024\/05\/wybory-RD-Dabrowa-kandydaci-768x1087.jpg 768w, https:\/\/lechoslaw.dzierzak.eu\/wp-content\/uploads\/2024\/05\/wybory-RD-Dabrowa-kandydaci-1085x1536.jpg 1085w, https:\/\/lechoslaw.dzierzak.eu\/wp-content\/uploads\/2024\/05\/wybory-RD-Dabrowa-kandydaci-1447x2048.jpg 1447w, https:\/\/lechoslaw.dzierzak.eu\/wp-content\/uploads\/2024\/05\/wybory-RD-Dabrowa-kandydaci-1024x1449.jpg 1024w, https:\/\/lechoslaw.dzierzak.eu\/wp-content\/uploads\/2024\/05\/wybory-RD-Dabrowa-kandydaci-763x1080.jpg 763w, https:\/\/lechoslaw.dzierzak.eu\/wp-content\/uploads\/2024\/05\/wybory-RD-Dabrowa-kandydaci-scaled.jpg 1809w\" sizes=\"(max-width: 723px) 100vw, 723px\" \/><\/a><\/figure>\n","protected":false},"excerpt":{"rendered":"<p>Zobacz propozycje kandydat\u00f3w:<\/p>\n","protected":false},"author":1,"featured_media":6827,"comment_status":"open","ping_status":"open","sticky":false,"template":"","format":"standard","meta":{"footnotes":""},"categories":[1],"tags":[],"_links":{"self":[{"href":"https:\/\/lechoslaw.dzierzak.eu\/index.php\/wp-json\/wp\/v2\/posts\/6826"}],"collection":[{"href":"https:\/\/lechoslaw.dzierzak.eu\/index.php\/wp-json\/wp\/v2\/posts"}],"about":[{"href":"https:\/\/lechoslaw.dzierzak.eu\/index.php\/wp-json\/wp\/v2\/types\/post"}],"author":[{"embeddable":true,"href":"https:\/\/lechoslaw.dzierzak.eu\/index.php\/wp-json\/wp\/v2\/users\/1"}],"replies":[{"embeddable":true,"href":"https:\/\/lechoslaw.dzierzak.eu\/index.php\/wp-json\/wp\/v2\/comments?post=6826"}],"version-history":[{"count":9,"href":"https:\/\/lechoslaw.dzierzak.eu\/index.php\/wp-json\/wp\/v2\/posts\/6826\/revisions"}],"predecessor-version":[{"id":6846,"href":"https:\/\/lechoslaw.dzierzak.eu\/index.php\/wp-json\/wp\/v2\/posts\/6826\/revisions\/6846"}],"wp:featuredmedia":[{"embeddable":true,"href":"https:\/\/lechoslaw.dzierzak.eu\/index.php\/wp-json\/wp\/v2\/media\/6827"}],"wp:attachment":[{"href":"https:\/\/lechoslaw.dzierzak.eu\/index.php\/wp-json\/wp\/v2\/media?parent=6826"}],"wp:term":[{"taxonomy":"category","embeddable":true,"href":"https:\/\/lechoslaw.dzierzak.eu\/index.php\/wp-json\/wp\/v2\/categories?post=6826"},{"taxonomy":"post_tag","embeddable":true,"href":"https:\/\/lechoslaw.dzierzak.eu\/index.php\/wp-json\/wp\/v2\/tags?post=6826"}],"curies":[{"name":"wp","href":"https:\/\/api.w.org\/{rel}","templated":true}]}}