{"id":570,"date":"2012-03-27T17:15:04","date_gmt":"2012-03-27T15:15:04","guid":{"rendered":"https:\/\/lechoslaw.dzierzak.eu\/?p=570"},"modified":"2012-04-02T17:38:53","modified_gmt":"2012-04-02T15:38:53","slug":"rok-w-radzie-dzielnicy-dabrowa","status":"publish","type":"post","link":"https:\/\/lechoslaw.dzierzak.eu\/index.php\/rok-w-radzie-dzielnicy-dabrowa\/","title":{"rendered":"Rok w Radzie Dzielnicy D\u0105browa"},"content":{"rendered":"<p>Min\u0105\u0142 ju\u017c rok od kiedy zosta\u0142em wybrany Radnym Dzielnicy D\u0105browa. Nie mi ocenia\u0107 jak sprawuj\u0119 t\u0105 funkcj\u0119, ani te\u017c nie czas na podsumowania, bo jeszcze do ko\u0144ca kadencji 3 lata i wiele rzeczy do zrobienia. Jednak z okazji tej rocznicy chcia\u0142bym zach\u0119ci\u0107 wszystkich do wsp\u00f3\u0142pracy. Mo\u017cna zaanga\u017cowa\u0107 si\u0119 w dzia\u0142alno\u015b\u0107 rady dzielnicy w nast\u0119puj\u0105ce sposoby:<\/p>\n<p>&#8211; Doda\u0107 nowy problem do <strong><a href=\"http:\/\/radadabrowa.pl\/index.php?option=com_content&amp;task=section&amp;id=22&amp;Itemid=98\" target=\"_blank\">&#8222;Mapy Problem\u00f3w D\u0105browy&#8221; <\/a><\/strong>(problemy mo\u017cna zg\u0142asza\u0107 r\u00f3wnie\u017c bezpo\u015brednio do mnie)<\/p>\n<p>&#8211; Napisa\u0107 propozycje nowych dzia\u0142alno\u015bci lub uwagi do aktualnie prowadzonych na <strong><a href=\"mailto:rada.dabrowa@gdynia.pl\">rada.dabrowa@gdynia.pl<\/a><\/strong><\/p>\n<p><strong>&#8211; <\/strong>Zapisa\u0107 si\u0119 jako <strong><a href=\"http:\/\/radadabrowa.pl\/index.php?option=com_content&amp;task=view&amp;id=168&amp;Itemid=104\" target=\"_blank\">Wolontariusz Rady Dzielnica D\u0105browa<\/a> <\/strong>i pomaga\u0107 przy organizacji d\u0105browskich wydarze\u0144 kulturalnych, rozrywkowych, edukacyjnych, sportowych i rekreacyjnych.<\/p>\n<p>Gor\u0105co zach\u0119cam do wsp\u00f3\u0142pracy!<\/p>\n<p>PS: Zach\u0119cam r\u00f3wnie\u017c do przyj\u015bcia i zagrania w siatk\u00f3wk\u0119 w ka\u017cd\u0105 trzeci\u0105 sobot\u0119 miesi\u0105ca o 11.30 na sal\u0119 przy SP47.<\/p>\n","protected":false},"excerpt":{"rendered":"<p>Min\u0105\u0142 ju\u017c rok od kiedy zosta\u0142em wybrany Radnym Dzielnicy D\u0105browa. Nie mi ocenia\u0107 jak sprawuj\u0119 t\u0105 funkcj\u0119, ani te\u017c nie czas na podsumowania, bo jeszcze do ko\u0144ca kadencji 3 lata i wiele rzeczy do zrobienia. Jednak z okazji tej rocznicy chcia\u0142bym zach\u0119ci\u0107 wszystkich do wsp\u00f3\u0142pracy. Mo\u017cna zaanga\u017cowa\u0107 si\u0119 w dzia\u0142alno\u015b\u0107 rady dzielnicy w nast\u0119puj\u0105ce sposoby:&hellip; <br \/> <a class=\"read-more\" href=\"https:\/\/lechoslaw.dzierzak.eu\/index.php\/rok-w-radzie-dzielnicy-dabrowa\/\">Dowiedz si\u0119 wi\u0119cej<\/a><\/p>\n","protected":false},"author":1,"featured_media":0,"comment_status":"open","ping_status":"open","sticky":false,"template":"","format":"standard","meta":{"footnotes":""},"categories":[15],"tags":[],"_links":{"self":[{"href":"https:\/\/lechoslaw.dzierzak.eu\/index.php\/wp-json\/wp\/v2\/posts\/570"}],"collection":[{"href":"https:\/\/lechoslaw.dzierzak.eu\/index.php\/wp-json\/wp\/v2\/posts"}],"about":[{"href":"https:\/\/lechoslaw.dzierzak.eu\/index.php\/wp-json\/wp\/v2\/types\/post"}],"author":[{"embeddable":true,"href":"https:\/\/lechoslaw.dzierzak.eu\/index.php\/wp-json\/wp\/v2\/users\/1"}],"replies":[{"embeddable":true,"href":"https:\/\/lechoslaw.dzierzak.eu\/index.php\/wp-json\/wp\/v2\/comments?post=570"}],"version-history":[{"count":3,"href":"https:\/\/lechoslaw.dzierzak.eu\/index.php\/wp-json\/wp\/v2\/posts\/570\/revisions"}],"predecessor-version":[{"id":573,"href":"https:\/\/lechoslaw.dzierzak.eu\/index.php\/wp-json\/wp\/v2\/posts\/570\/revisions\/573"}],"wp:attachment":[{"href":"https:\/\/lechoslaw.dzierzak.eu\/index.php\/wp-json\/wp\/v2\/media?parent=570"}],"wp:term":[{"taxonomy":"category","embeddable":true,"href":"https:\/\/lechoslaw.dzierzak.eu\/index.php\/wp-json\/wp\/v2\/categories?post=570"},{"taxonomy":"post_tag","embeddable":true,"href":"https:\/\/lechoslaw.dzierzak.eu\/index.php\/wp-json\/wp\/v2\/tags?post=570"}],"curies":[{"name":"wp","href":"https:\/\/api.w.org\/{rel}","templated":true}]}}