{"id":551,"date":"2012-02-28T17:41:00","date_gmt":"2012-02-28T15:41:00","guid":{"rendered":"https:\/\/lechoslaw.dzierzak.eu\/?p=551"},"modified":"2012-03-01T23:51:34","modified_gmt":"2012-03-01T21:51:34","slug":"konkurs-dla-mlodych-liderow-im-andrzeja-walentynowicza","status":"publish","type":"post","link":"https:\/\/lechoslaw.dzierzak.eu\/index.php\/konkurs-dla-mlodych-liderow-im-andrzeja-walentynowicza\/","title":{"rendered":"Konkurs dla M\u0142odych Lider\u00f3w im. Andrzeja Walentynowicza"},"content":{"rendered":"<p style=\"text-align: justify;\"><img loading=\"lazy\" decoding=\"async\" class=\"size-full wp-image-562 alignleft\" style=\"border: 0pt none;\" title=\"Konkurs im. Andrzeja Walentynowicza dla M\u0142odych Lider\u00f3w.\" src=\"https:\/\/lechoslaw.dzierzak.eu\/wp-content\/uploads\/2012\/02\/edcddb0c990979b92136eea5858e6749.png\" alt=\"\" width=\"259\" height=\"98\" \/>Niezmiernie mi\u0142o nam poinformowa\u0107, \u017ce Lechos\u0142aw Dzier\u017cak otrzyma\u0142 II miejsce w konkursie dla M\u0142odych Lider\u00f3w im. Andrzeja Walentynowicza. Konkurs organizowany jest przez Klub Rotaract Tr\u00f3jmiasto ju\u017c od 7 lat. Jego celem jest promocja aktywnych, godnych na\u015bladowania postaw w\u015br\u00f3d ludzi m\u0142odych. Inicjatywa kierowana jest do os\u00f3b w wieku od 15 do 25 lat, kt\u00f3re samodzielnie lub grupowo podj\u0119\u0142y si\u0119 dzia\u0142a\u0144 na terenie wojew\u00f3dztwa pomorskiego, maj\u0105cych na celu popraw\u0119 warunk\u00f3w \u017cycia w ma\u0142ej spo\u0142eczno\u015bci. Nagrod\u0105 w konkursie jest wsparcie realizowanego przez zwyci\u0119zc\u0119 projektu. Do przyk\u0142adowych dzia\u0142a\u0144 zas\u0142uguj\u0105cych na wyr\u00f3\u017cnienie w konkursie zalicza si\u0119: aktywno\u015b\u0107 w ma\u0142ych \u015brodowiskach lokalnych; dzia\u0142alno\u015b\u0107, kt\u00f3ra aktywizuje takie \u015brodowiska czy zach\u0119canie innych mieszka\u0144c\u00f3w do dzia\u0142a\u0144 prospo\u0142ecznych. Jury podczas analizy nades\u0142anych zg\u0142osze\u0144 mo\u017ce pos\u0142u\u017cy\u0107 si\u0119 takimi kryteriami oceny jak: umiej\u0119tno\u015bci liderskie (zgromadzenie i zintegrowanie zespo\u0142u); postawa wobec wsp\u00f3\u0142pracownik\u00f3w i os\u00f3b, na kt\u00f3rych rzecz realizowany jest projekt; pozytywny efekt spo\u0142eczny projektu; realizacja projektu w warunkach ograniczonego wsparcia innych organizacji; zaanga\u017cowanie i wysi\u0142ek Lidera; stopie\u0144 wp\u0142ywu projektu na innych; kreatywno\u015b\u0107 i innowacyjno\u015b\u0107 czy wytrwa\u0142o\u015b\u0107 i konsekwencja w pokonywaniu trudno\u015bci.<\/p>\n<p style=\"text-align: right;\"><span style=\"color: #888888;\">jkrz<\/span><\/p>\n","protected":false},"excerpt":{"rendered":"<p>Niezmiernie mi\u0142o nam poinformowa\u0107, \u017ce Lechos\u0142aw Dzier\u017cak otrzyma\u0142 II miejsce w konkursie dla M\u0142odych Lider\u00f3w im. Andrzeja Walentynowicza. Konkurs organizowany jest przez Klub Rotaract Tr\u00f3jmiasto ju\u017c od 7 lat. Jego celem jest promocja aktywnych, godnych na\u015bladowania postaw w\u015br\u00f3d ludzi m\u0142odych. Inicjatywa kierowana jest do os\u00f3b w wieku od 15 do 25 lat, kt\u00f3re samodzielnie lub&hellip; <br \/> <a class=\"read-more\" href=\"https:\/\/lechoslaw.dzierzak.eu\/index.php\/konkurs-dla-mlodych-liderow-im-andrzeja-walentynowicza\/\">Dowiedz si\u0119 wi\u0119cej<\/a><\/p>\n","protected":false},"author":1,"featured_media":0,"comment_status":"open","ping_status":"open","sticky":false,"template":"","format":"standard","meta":{"footnotes":""},"categories":[3],"tags":[],"_links":{"self":[{"href":"https:\/\/lechoslaw.dzierzak.eu\/index.php\/wp-json\/wp\/v2\/posts\/551"}],"collection":[{"href":"https:\/\/lechoslaw.dzierzak.eu\/index.php\/wp-json\/wp\/v2\/posts"}],"about":[{"href":"https:\/\/lechoslaw.dzierzak.eu\/index.php\/wp-json\/wp\/v2\/types\/post"}],"author":[{"embeddable":true,"href":"https:\/\/lechoslaw.dzierzak.eu\/index.php\/wp-json\/wp\/v2\/users\/1"}],"replies":[{"embeddable":true,"href":"https:\/\/lechoslaw.dzierzak.eu\/index.php\/wp-json\/wp\/v2\/comments?post=551"}],"version-history":[{"count":7,"href":"https:\/\/lechoslaw.dzierzak.eu\/index.php\/wp-json\/wp\/v2\/posts\/551\/revisions"}],"predecessor-version":[{"id":567,"href":"https:\/\/lechoslaw.dzierzak.eu\/index.php\/wp-json\/wp\/v2\/posts\/551\/revisions\/567"}],"wp:attachment":[{"href":"https:\/\/lechoslaw.dzierzak.eu\/index.php\/wp-json\/wp\/v2\/media?parent=551"}],"wp:term":[{"taxonomy":"category","embeddable":true,"href":"https:\/\/lechoslaw.dzierzak.eu\/index.php\/wp-json\/wp\/v2\/categories?post=551"},{"taxonomy":"post_tag","embeddable":true,"href":"https:\/\/lechoslaw.dzierzak.eu\/index.php\/wp-json\/wp\/v2\/tags?post=551"}],"curies":[{"name":"wp","href":"https:\/\/api.w.org\/{rel}","templated":true}]}}