{"id":5488,"date":"2021-10-25T13:36:00","date_gmt":"2021-10-25T11:36:00","guid":{"rendered":"https:\/\/lechoslaw.dzierzak.eu\/?p=5488"},"modified":"2021-11-30T22:51:46","modified_gmt":"2021-11-30T20:51:46","slug":"modernistyczne-centrum-gdyni-plan-zarzadzania-dobrem-na-lata-2022-2027","status":"publish","type":"post","link":"https:\/\/lechoslaw.dzierzak.eu\/index.php\/modernistyczne-centrum-gdyni-plan-zarzadzania-dobrem-na-lata-2022-2027\/","title":{"rendered":"Modernistyczne Centrum Gdyni. Plan zarz\u0105dzania dobrem na lata 2022 \u2013 2027"},"content":{"rendered":"\n<p><strong>Jak chroni\u0107 modernistyczne centrum Gdyni?&nbsp;&nbsp;We\u017a udzia\u0142 w konsultacjach dokumentu \u201eModernistyczne Centrum Gdyni. Plan zarz\u0105dzania dobrem na lata 2022 \u2013 2027\u201d. Podziel si\u0119 opini\u0105 na temat zaplanowanych dzia\u0142a\u0144, zaproponuj swoje pomys\u0142y.<\/strong><\/p>\n\n\n\n<p>Plan Zarz\u0105dzania jest dokumentem opracowanym w zwi\u0105zku z kandydowaniem&nbsp;<em>modernistycznego centrum Gdyni&nbsp;<\/em>na list\u0119 \u015awiatowego Dziedzictwa UNESCO. Okre\u015bla zasady i sposoby ochrony, konserwacji, u\u017cytkowania i promocji obszaru obejmuj\u0105cego oko\u0142o 118 hektar\u00f3w w \u015ar\u00f3dmie\u015bciu Gdyni. Jest to konsekwencja prowadzonych od kilkunastu lat przez Miasto Gdynia dzia\u0142a\u0144 zapewniaj\u0105cych trwa\u0142e zachowanie dziedzictwa modernizmu w naszym mie\u015bcie. Sk\u0142adany wniosek jest ukoronowaniem d\u0142ugiego procesu, a ewentualne powodzenie procedury b\u0119dzie nowym impulsem do dalszych dzia\u0142a\u0144.<\/p>\n\n\n\n<p>Elementem tworzenia tego dokumentu s\u0105 og\u00f3lnomiejskie konsultacje spo\u0142eczne, kt\u00f3rych celem jest zebranie opinii mieszka\u0144c\u00f3w do zaproponowanych zapis\u00f3w.<\/p>\n\n\n\n<p><strong>Konsultacje trwaj\u0105 od 15 pa\u017adziernika do 15 listopada 2021 r.<\/strong><\/p>\n\n\n\n<figure class=\"wp-block-image size-full is-resized\"><img loading=\"lazy\" decoding=\"async\" src=\"https:\/\/lechoslaw.dzierzak.eu\/wp-content\/uploads\/2021\/11\/srodmiescie.png\" alt=\"\" class=\"wp-image-5491\" width=\"587\" height=\"598\" srcset=\"https:\/\/lechoslaw.dzierzak.eu\/wp-content\/uploads\/2021\/11\/srodmiescie.png 924w, https:\/\/lechoslaw.dzierzak.eu\/wp-content\/uploads\/2021\/11\/srodmiescie-294x300.png 294w, https:\/\/lechoslaw.dzierzak.eu\/wp-content\/uploads\/2021\/11\/srodmiescie-768x783.png 768w\" sizes=\"(max-width: 587px) 100vw, 587px\" \/><\/figure>\n\n\n\n<!--more-->\n\n\n\n<p>Jak wzi\u0105\u0107 udzia\u0142?<\/p>\n\n\n\n<ul><li><strong>Zapoznaj si\u0119 z dokumentem<\/strong>&nbsp;<a href=\"https:\/\/bip.um.gdynia.pl\/ogloszenia-urzedu-miasta,2206\/ogloszenie-prezydenta-miasta-gdyni-o-konsultacjach-spolecznych-dot-dok-modernistyczne-centrum-gdyni-plan-zarzadzania-dobrem-na-lata-2022-2027,566832\" target=\"_blank\" rel=\"noreferrer noopener\">&#8222;Modernistyczne Centrum Gdyni. Plan zarz\u0105dzania dobrem na lata 2022 \u2013 2027\u201d&nbsp;(Link zewn\u0119trzny)<\/a>. Z dokumentem mo\u017cesz r\u00f3wnie\u017c zapozna\u0107 si\u0119 w Wydziale Ochrony Dziedzictwa Urz\u0119du Miasta, ul.10 Lutego 24, czynne od poniedzia\u0142ku do pi\u0105tku w godz. 13:00 -16:00 (konieczny wcze\u015bniejszy kontakt telefoniczny \u2013 58 66 88&nbsp;331);<\/li><li><strong>Wype\u0142nij ankiet\u0119&nbsp;<\/strong>w&nbsp;<a href=\"https:\/\/konsultujemy.gdynia.pl\/processes\/modernistycznecentrum\/f\/7\/surveys\/3\" target=\"_blank\" rel=\"noreferrer noopener\">wersji elektronicznej na Gdy\u0144skiej Platformie Dialogu&nbsp;(Link zewn\u0119trzny)<\/a>&nbsp;lub&nbsp;w wersji papierowej dost\u0119pnej w Wydziale Ochrony Dziedzictwa Urz\u0119du Miasta, ul.10 Lutego 24, czynne od poniedzia\u0142ku do pi\u0105tku w godz. 13:00 -16:00 (konieczny wcze\u015bniejszy kontakt telefoniczny \u2013 58 66 88&nbsp;331);<\/li><li><strong>Napisz swoj\u0105 opini\u0119 lub uwag\u0119 do 15 listopada 2021 r<\/strong>. w formie:<\/li><\/ul>\n\n\n\n<p>a)&nbsp;pisemnej na adres: Wydzia\u0142 Ochrony Dziedzictwa Urz\u0119du Miasta Gdyni, ul. 10 Lutego 24<br>b)&nbsp;w formie elektronicznej na adres e-mail :&nbsp;<a href=\"mailto:dziedzictwo@gdynia.pl\" target=\"_blank\" rel=\"noreferrer noopener\">dziedzictwo@gdynia.pl&nbsp;(Link zewn\u0119trzny)<\/a><\/p>\n\n\n\n<ul><li><strong>We\u017a udzia\u0142 w spotkaniu<\/strong>&nbsp;&#8211;&nbsp;<strong>10 listopada 2021<\/strong>&nbsp;r., o godz.17:00 w sali konferencyjnej w InfoBox Gdynia, ul. \u015awi\u0119toja\u0144ska 30.<\/li><\/ul>\n\n\n\n<p>Zebrane w trakcie trwania konsultacji opinie, propozycje czy uwagi po ich przeanalizowaniu w uzasadnionych przypadkach zostan\u0105 uwzgl\u0119dnione w dokumencie \u201eModernistyczne Centrum Gdyni. Plan zarz\u0105dzania dobrem na lata 2022 \u2013 2027\u201d. Finalna tre\u015b\u0107 dokumentu b\u0119dzie za\u0142\u0105cznikiem do tzw. Nomination Dossier w sprawie wpisu obj\u0119tego tym Planem obszaru \u015ar\u00f3dmie\u015bcia na List\u0119 \u015awiatowego Dziedzictwa UNESCO.&nbsp;<\/p>\n\n\n\n<p>Modernistyczne Centrum Gdyni. Plan zarz\u0105dzania dobrem na lata 2022 \u2013 2027\u201d &#8211; co zawiera dokument?<br>W dokumencie znalaz\u0142y si\u0119 takie elementy jak:<\/p>\n\n\n\n<ol><li><strong>Z czym mamy do czynienia \u2013&nbsp;<\/strong>opis miejsca dziedzictwa.<\/li><li><strong>Co jest wa\u017cne i dlaczego&nbsp;<\/strong>\u2013 identyfikacja warto\u015bci miejsca za pomoc\u0105 analizy jego historii, rozwoju i obecnego stanu.<\/li><li><strong>Co decyduje o mo\u017cliwo\u015bci kontynuacji zr\u00f3wnowa\u017conego rozwoju i o podatno\u015bci miejsca na zmiany \u2013&nbsp;<\/strong>okre\u015blenie rodzaj\u00f3w mo\u017cliwych oddzia\u0142ywa\u0144 i okre\u015blenie, kt\u00f3re z warto\u015bci dobra s\u0105 lub mog\u0105 by\u0107 zagro\u017cone.<\/li><li><strong>Jak\u0105 polityk\u0119 i zasady zarz\u0105dzania nale\u017cy wdro\u017cy\u0107, aby chroni\u0107 warto\u015bci miejsca dziedzictwa \u2013&nbsp;<\/strong>opracowanie strategii i zasad dzia\u0142ania maj\u0105cych na celu wydobycie charakteru miejsca i przeciwdzia\u0142anie zagro\u017ceniom, obejmuj\u0105cych zr\u00f3wnowa\u017cone korzystanie z dziedzictwa, w tym zapewnienie dost\u0119pu i edukacj\u0119.<\/li><li><strong>W jaki spos\u00f3b plan zarz\u0105dzania b\u0119dzie wdra\u017cany i monitorowany&nbsp;<\/strong>\u2013 ustalenie organizacji i zasad wdra\u017cania, prowadzenia monitoringu i oceny skuteczno\u015bci planu zarz\u0105dzania.<\/li><\/ol>\n\n\n\n<p><a href=\"https:\/\/bip.um.gdynia.pl\/ogloszenia-urzedu-miasta,2206\/ogloszenie-prezydenta-miasta-gdyni-o-konsultacjach-spolecznych-dot-dok-modernistyczne-centrum-gdyni-plan-zarzadzania-dobrem-na-lata-2022-2027,566832\" target=\"_blank\" rel=\"noreferrer noopener\">Zapoznaj si\u0119 z dokumentem&nbsp;(Link zewn\u0119trzny)<\/a>.<\/p>\n\n\n\n<p>Masz pytania skontaktuj si\u0119 z Wydzia\u0142em Ochrony Dziedzictwa Urz\u0119du Miasta, odpowiedzialnym za przygotowanie dokumentu: e-mai&nbsp;<a href=\"mailto:dziedzictwo@gdynia.p\" target=\"_blank\" rel=\"noreferrer noopener\">dziedzictwo@gdynia.p&nbsp;(Link zewn\u0119trzny)<\/a>l lub telefonicznie 58 66 88&nbsp;331<\/p>\n","protected":false},"excerpt":{"rendered":"<p>Jak chroni\u0107 modernistyczne centrum Gdyni?&nbsp;&nbsp;We\u017a udzia\u0142 w konsultacjach dokumentu \u201eModernistyczne Centrum Gdyni. Plan zarz\u0105dzania dobrem na lata 2022 \u2013 2027\u201d. Podziel si\u0119 opini\u0105 na temat zaplanowanych dzia\u0142a\u0144, zaproponuj swoje pomys\u0142y. Plan Zarz\u0105dzania jest dokumentem opracowanym w zwi\u0105zku z kandydowaniem&nbsp;modernistycznego centrum Gdyni&nbsp;na list\u0119 \u015awiatowego Dziedzictwa UNESCO. Okre\u015bla zasady i sposoby ochrony, konserwacji, u\u017cytkowania i promocji obszaru&hellip; <br \/> <a class=\"read-more\" href=\"https:\/\/lechoslaw.dzierzak.eu\/index.php\/modernistyczne-centrum-gdyni-plan-zarzadzania-dobrem-na-lata-2022-2027\/\">Dowiedz si\u0119 wi\u0119cej<\/a><\/p>\n","protected":false},"author":1,"featured_media":0,"comment_status":"open","ping_status":"open","sticky":false,"template":"","format":"standard","meta":{"footnotes":""},"categories":[1],"tags":[771,687],"_links":{"self":[{"href":"https:\/\/lechoslaw.dzierzak.eu\/index.php\/wp-json\/wp\/v2\/posts\/5488"}],"collection":[{"href":"https:\/\/lechoslaw.dzierzak.eu\/index.php\/wp-json\/wp\/v2\/posts"}],"about":[{"href":"https:\/\/lechoslaw.dzierzak.eu\/index.php\/wp-json\/wp\/v2\/types\/post"}],"author":[{"embeddable":true,"href":"https:\/\/lechoslaw.dzierzak.eu\/index.php\/wp-json\/wp\/v2\/users\/1"}],"replies":[{"embeddable":true,"href":"https:\/\/lechoslaw.dzierzak.eu\/index.php\/wp-json\/wp\/v2\/comments?post=5488"}],"version-history":[{"count":3,"href":"https:\/\/lechoslaw.dzierzak.eu\/index.php\/wp-json\/wp\/v2\/posts\/5488\/revisions"}],"predecessor-version":[{"id":5495,"href":"https:\/\/lechoslaw.dzierzak.eu\/index.php\/wp-json\/wp\/v2\/posts\/5488\/revisions\/5495"}],"wp:attachment":[{"href":"https:\/\/lechoslaw.dzierzak.eu\/index.php\/wp-json\/wp\/v2\/media?parent=5488"}],"wp:term":[{"taxonomy":"category","embeddable":true,"href":"https:\/\/lechoslaw.dzierzak.eu\/index.php\/wp-json\/wp\/v2\/categories?post=5488"},{"taxonomy":"post_tag","embeddable":true,"href":"https:\/\/lechoslaw.dzierzak.eu\/index.php\/wp-json\/wp\/v2\/tags?post=5488"}],"curies":[{"name":"wp","href":"https:\/\/api.w.org\/{rel}","templated":true}]}}