{"id":4484,"date":"2020-02-18T11:33:00","date_gmt":"2020-02-18T09:33:00","guid":{"rendered":"https:\/\/lechoslaw.dzierzak.eu\/?p=4484"},"modified":"2020-02-28T17:28:45","modified_gmt":"2020-02-28T15:28:45","slug":"odwiedziny-w-szkolach-podstawowych","status":"publish","type":"post","link":"https:\/\/lechoslaw.dzierzak.eu\/index.php\/odwiedziny-w-szkolach-podstawowych\/","title":{"rendered":"Odwiedziny w szko\u0142ach podstawowych"},"content":{"rendered":"\n<blockquote class=\"twitter-tweet\"><p lang=\"pl\" dir=\"ltr\">Dzie\u0144 pe\u0142en spotka\u0144, na pocz\u0105tek odwiedziny u dyrektor\u00f3w szk\u00f3\u0142 podstawowych. Wiele pomys\u0142\u00f3w na dalszy rozw\u00f3j gdy\u0144skiej o\u015bwiaty. <a href=\"https:\/\/twitter.com\/hashtag\/o%C5%9Bwiata?src=hash&amp;ref_src=twsrc%5Etfw\">#o\u015bwiata<\/a> <a href=\"https:\/\/twitter.com\/hashtag\/godn?src=hash&amp;ref_src=twsrc%5Etfw\">#godn<\/a> <a href=\"https:\/\/twitter.com\/hashtag\/wGdyni?src=hash&amp;ref_src=twsrc%5Etfw\">#wGdyni<\/a> <a href=\"https:\/\/twitter.com\/hashtag\/szko%C5%82a?src=hash&amp;ref_src=twsrc%5Etfw\">#szko\u0142a<\/a> <a href=\"https:\/\/twitter.com\/hashtag\/radnymiasta?src=hash&amp;ref_src=twsrc%5Etfw\">#radnymiasta<\/a> <a href=\"https:\/\/twitter.com\/hashtag\/aktywnyradny?src=hash&amp;ref_src=twsrc%5Etfw\">#aktywnyradny<\/a> <br>(razem z Wojciechem Jankowskim, dyrektorem Gdy\u0144skiego O\u015brodka Doskonalenia Nauczycieli) <a href=\"https:\/\/t.co\/JPFfJCgXUM\">pic.twitter.com\/JPFfJCgXUM<\/a><\/p>&mdash; Lechos\u0142aw Dzier\u017cak (@LDzierzak) <a href=\"https:\/\/twitter.com\/LDzierzak\/status\/1229764960454168577?ref_src=twsrc%5Etfw\">February 18, 2020<\/a><\/blockquote> <script async src=\"https:\/\/platform.twitter.com\/widgets.js\" charset=\"utf-8\"><\/script>\n\n\n\n<p>wi\u0119cej: <strong><a href=\"https:\/\/www.godn.eu\/wydarzenia\/codziennie-blisko-potrzeb-nauczycieli\/\">Codziennie blisko potrzeb nauczycieli<\/a><\/strong><\/p>\n","protected":false},"excerpt":{"rendered":"<p>Dzie\u0144 pe\u0142en spotka\u0144, na pocz\u0105tek odwiedziny u dyrektor\u00f3w szk\u00f3\u0142 podstawowych. Wiele pomys\u0142\u00f3w na dalszy rozw\u00f3j gdy\u0144skiej o\u015bwiaty. #o\u015bwiata #godn #wGdyni #szko\u0142a #radnymiasta #aktywnyradny (razem z Wojciechem Jankowskim, dyrektorem Gdy\u0144skiego O\u015brodka Doskonalenia Nauczycieli) pic.twitter.com\/JPFfJCgXUM &mdash; Lechos\u0142aw Dzier\u017cak (@LDzierzak) February 18, 2020 wi\u0119cej: Codziennie blisko potrzeb nauczycieli<\/p>\n","protected":false},"author":1,"featured_media":0,"comment_status":"open","ping_status":"open","sticky":false,"template":"","format":"standard","meta":{"footnotes":""},"categories":[1],"tags":[401],"_links":{"self":[{"href":"https:\/\/lechoslaw.dzierzak.eu\/index.php\/wp-json\/wp\/v2\/posts\/4484"}],"collection":[{"href":"https:\/\/lechoslaw.dzierzak.eu\/index.php\/wp-json\/wp\/v2\/posts"}],"about":[{"href":"https:\/\/lechoslaw.dzierzak.eu\/index.php\/wp-json\/wp\/v2\/types\/post"}],"author":[{"embeddable":true,"href":"https:\/\/lechoslaw.dzierzak.eu\/index.php\/wp-json\/wp\/v2\/users\/1"}],"replies":[{"embeddable":true,"href":"https:\/\/lechoslaw.dzierzak.eu\/index.php\/wp-json\/wp\/v2\/comments?post=4484"}],"version-history":[{"count":1,"href":"https:\/\/lechoslaw.dzierzak.eu\/index.php\/wp-json\/wp\/v2\/posts\/4484\/revisions"}],"predecessor-version":[{"id":4485,"href":"https:\/\/lechoslaw.dzierzak.eu\/index.php\/wp-json\/wp\/v2\/posts\/4484\/revisions\/4485"}],"wp:attachment":[{"href":"https:\/\/lechoslaw.dzierzak.eu\/index.php\/wp-json\/wp\/v2\/media?parent=4484"}],"wp:term":[{"taxonomy":"category","embeddable":true,"href":"https:\/\/lechoslaw.dzierzak.eu\/index.php\/wp-json\/wp\/v2\/categories?post=4484"},{"taxonomy":"post_tag","embeddable":true,"href":"https:\/\/lechoslaw.dzierzak.eu\/index.php\/wp-json\/wp\/v2\/tags?post=4484"}],"curies":[{"name":"wp","href":"https:\/\/api.w.org\/{rel}","templated":true}]}}