{"id":4477,"date":"2020-02-13T22:10:00","date_gmt":"2020-02-13T20:10:00","guid":{"rendered":"https:\/\/lechoslaw.dzierzak.eu\/?p=4477"},"modified":"2020-04-04T10:44:39","modified_gmt":"2020-04-04T08:44:39","slug":"konferencja-dla-dyrektorow-w-wsaib-gdynia","status":"publish","type":"post","link":"https:\/\/lechoslaw.dzierzak.eu\/index.php\/konferencja-dla-dyrektorow-w-wsaib-gdynia\/","title":{"rendered":"Konferencja dla dyrektor\u00f3w w WSAiB Gdynia"},"content":{"rendered":"\n<blockquote class=\"twitter-tweet\"><p lang=\"pl\" dir=\"ltr\">XIII Konferencja Dyrektor\u00f3w &quot;Nowoczesne Zarz\u0105dzanie Szko\u0142\u0105&quot; <a href=\"https:\/\/twitter.com\/WSAiB_Gdynia?ref_src=twsrc%5Etfw\">@WSAiB_Gdynia<\/a> <a href=\"https:\/\/twitter.com\/MiastoGdynia?ref_src=twsrc%5Etfw\">@MiastoGdynia<\/a> <a href=\"https:\/\/twitter.com\/hashtag\/wGdyni?src=hash&amp;ref_src=twsrc%5Etfw\">#wGdyni<\/a> <a href=\"https:\/\/twitter.com\/hashtag\/edukacja?src=hash&amp;ref_src=twsrc%5Etfw\">#edukacja<\/a> <a href=\"https:\/\/twitter.com\/hashtag\/gdyniaedukacyjna?src=hash&amp;ref_src=twsrc%5Etfw\">#gdyniaedukacyjna<\/a> <a href=\"https:\/\/twitter.com\/hashtag\/zarz%C4%85dzanie?src=hash&amp;ref_src=twsrc%5Etfw\">#zarz\u0105dzanie<\/a> <a href=\"https:\/\/twitter.com\/hashtag\/szko%C5%82a?src=hash&amp;ref_src=twsrc%5Etfw\">#szko\u0142a<\/a> <a href=\"https:\/\/twitter.com\/hashtag\/nowoczesnaszko%C5%82a?src=hash&amp;ref_src=twsrc%5Etfw\">#nowoczesnaszko\u0142a<\/a> <a href=\"https:\/\/t.co\/Hjjd5gxoB5\">pic.twitter.com\/Hjjd5gxoB5<\/a><\/p>&mdash; Lechos\u0142aw Dzier\u017cak (@LDzierzak) <a href=\"https:\/\/twitter.com\/LDzierzak\/status\/1227894672082771968?ref_src=twsrc%5Etfw\">February 13, 2020<\/a><\/blockquote> <script async src=\"https:\/\/platform.twitter.com\/widgets.js\" charset=\"utf-8\"><\/script>\n","protected":false},"excerpt":{"rendered":"<p>XIII Konferencja Dyrektor\u00f3w &quot;Nowoczesne Zarz\u0105dzanie Szko\u0142\u0105&quot; @WSAiB_Gdynia @MiastoGdynia #wGdyni #edukacja #gdyniaedukacyjna #zarz\u0105dzanie #szko\u0142a #nowoczesnaszko\u0142a pic.twitter.com\/Hjjd5gxoB5 &mdash; Lechos\u0142aw Dzier\u017cak (@LDzierzak) February 13, 2020<\/p>\n","protected":false},"author":1,"featured_media":0,"comment_status":"open","ping_status":"open","sticky":false,"template":"","format":"standard","meta":{"footnotes":""},"categories":[1],"tags":[314,584,481,519],"_links":{"self":[{"href":"https:\/\/lechoslaw.dzierzak.eu\/index.php\/wp-json\/wp\/v2\/posts\/4477"}],"collection":[{"href":"https:\/\/lechoslaw.dzierzak.eu\/index.php\/wp-json\/wp\/v2\/posts"}],"about":[{"href":"https:\/\/lechoslaw.dzierzak.eu\/index.php\/wp-json\/wp\/v2\/types\/post"}],"author":[{"embeddable":true,"href":"https:\/\/lechoslaw.dzierzak.eu\/index.php\/wp-json\/wp\/v2\/users\/1"}],"replies":[{"embeddable":true,"href":"https:\/\/lechoslaw.dzierzak.eu\/index.php\/wp-json\/wp\/v2\/comments?post=4477"}],"version-history":[{"count":1,"href":"https:\/\/lechoslaw.dzierzak.eu\/index.php\/wp-json\/wp\/v2\/posts\/4477\/revisions"}],"predecessor-version":[{"id":4478,"href":"https:\/\/lechoslaw.dzierzak.eu\/index.php\/wp-json\/wp\/v2\/posts\/4477\/revisions\/4478"}],"wp:attachment":[{"href":"https:\/\/lechoslaw.dzierzak.eu\/index.php\/wp-json\/wp\/v2\/media?parent=4477"}],"wp:term":[{"taxonomy":"category","embeddable":true,"href":"https:\/\/lechoslaw.dzierzak.eu\/index.php\/wp-json\/wp\/v2\/categories?post=4477"},{"taxonomy":"post_tag","embeddable":true,"href":"https:\/\/lechoslaw.dzierzak.eu\/index.php\/wp-json\/wp\/v2\/tags?post=4477"}],"curies":[{"name":"wp","href":"https:\/\/api.w.org\/{rel}","templated":true}]}}