{"id":4288,"date":"2019-10-24T11:08:09","date_gmt":"2019-10-24T09:08:09","guid":{"rendered":"https:\/\/lechoslaw.dzierzak.eu\/?p=4288"},"modified":"2019-11-17T23:09:01","modified_gmt":"2019-11-17T21:09:01","slug":"przebudowa-trakcji-na-ul-janka-wisniewskiego","status":"publish","type":"post","link":"https:\/\/lechoslaw.dzierzak.eu\/index.php\/przebudowa-trakcji-na-ul-janka-wisniewskiego\/","title":{"rendered":"Przebudowa trakcji na ul. Janka Wi\u015bniewskiego"},"content":{"rendered":"<blockquote class=\"twitter-tweet\">\n<p lang=\"pl\" dir=\"ltr\">Przebudowa trakcji na ul. Janka Wi\u015bniewskiego to wa\u017cny element rozwoju zeroemisyjnego transportu <a href=\"https:\/\/twitter.com\/hashtag\/wGdyni?src=hash&amp;ref_src=twsrc%5Etfw\">#wGdyni<\/a>. Za oko\u0142o 812 tysi\u0119cy z\u0142otych wy\u0142oniona w przetargu firma Inex przebuduje na zlecenie <a href=\"https:\/\/twitter.com\/hashtag\/PKT?src=hash&amp;ref_src=twsrc%5Etfw\">#PKT<\/a> fragment trakcji w pobli\u017cu W\u0119z\u0142a Ofiar Grudnia 70\u2019.<a href=\"https:\/\/t.co\/Qexkx3hp3j\">https:\/\/t.co\/Qexkx3hp3j<\/a><\/p>\n<p>&mdash; Gdynia (@MiastoGdynia) <a href=\"https:\/\/twitter.com\/MiastoGdynia\/status\/1187270681408483329?ref_src=twsrc%5Etfw\">October 24, 2019<\/a><\/p><\/blockquote>\n<p> <script async src=\"https:\/\/platform.twitter.com\/widgets.js\" charset=\"utf-8\"><\/script><\/p>\n","protected":false},"excerpt":{"rendered":"<p>Przebudowa trakcji na ul. Janka Wi\u015bniewskiego to wa\u017cny element rozwoju zeroemisyjnego transportu #wGdyni. Za oko\u0142o 812 tysi\u0119cy z\u0142otych wy\u0142oniona w przetargu firma Inex przebuduje na zlecenie #PKT fragment trakcji w pobli\u017cu W\u0119z\u0142a Ofiar Grudnia 70\u2019.https:\/\/t.co\/Qexkx3hp3j &mdash; Gdynia (@MiastoGdynia) October 24, 2019<\/p>\n","protected":false},"author":1,"featured_media":0,"comment_status":"open","ping_status":"open","sticky":false,"template":"","format":"standard","meta":{"footnotes":""},"categories":[290],"tags":[],"_links":{"self":[{"href":"https:\/\/lechoslaw.dzierzak.eu\/index.php\/wp-json\/wp\/v2\/posts\/4288"}],"collection":[{"href":"https:\/\/lechoslaw.dzierzak.eu\/index.php\/wp-json\/wp\/v2\/posts"}],"about":[{"href":"https:\/\/lechoslaw.dzierzak.eu\/index.php\/wp-json\/wp\/v2\/types\/post"}],"author":[{"embeddable":true,"href":"https:\/\/lechoslaw.dzierzak.eu\/index.php\/wp-json\/wp\/v2\/users\/1"}],"replies":[{"embeddable":true,"href":"https:\/\/lechoslaw.dzierzak.eu\/index.php\/wp-json\/wp\/v2\/comments?post=4288"}],"version-history":[{"count":1,"href":"https:\/\/lechoslaw.dzierzak.eu\/index.php\/wp-json\/wp\/v2\/posts\/4288\/revisions"}],"predecessor-version":[{"id":4289,"href":"https:\/\/lechoslaw.dzierzak.eu\/index.php\/wp-json\/wp\/v2\/posts\/4288\/revisions\/4289"}],"wp:attachment":[{"href":"https:\/\/lechoslaw.dzierzak.eu\/index.php\/wp-json\/wp\/v2\/media?parent=4288"}],"wp:term":[{"taxonomy":"category","embeddable":true,"href":"https:\/\/lechoslaw.dzierzak.eu\/index.php\/wp-json\/wp\/v2\/categories?post=4288"},{"taxonomy":"post_tag","embeddable":true,"href":"https:\/\/lechoslaw.dzierzak.eu\/index.php\/wp-json\/wp\/v2\/tags?post=4288"}],"curies":[{"name":"wp","href":"https:\/\/api.w.org\/{rel}","templated":true}]}}