{"id":4113,"date":"2019-09-01T13:43:16","date_gmt":"2019-09-01T11:43:16","guid":{"rendered":"https:\/\/lechoslaw.dzierzak.eu\/?p=4113"},"modified":"2019-09-14T10:58:12","modified_gmt":"2019-09-14T08:58:12","slug":"obchody-80-rocznicy-wybuchu-ii-wojny-swiatowej","status":"publish","type":"post","link":"https:\/\/lechoslaw.dzierzak.eu\/index.php\/obchody-80-rocznicy-wybuchu-ii-wojny-swiatowej\/","title":{"rendered":"Obchody 80. rocznicy wybuchu II wojny \u015bwiatowej"},"content":{"rendered":"<blockquote class=\"twitter-tweet\">\n<p lang=\"pl\" dir=\"ltr\">Obchody 80. rocznicy wybuchu II wojny \u015bwiatowej na cmentarzu wojskowym w Red\u0142owie <a href=\"https:\/\/twitter.com\/hashtag\/wGdyni?src=hash&amp;ref_src=twsrc%5Etfw\">#wGdyni<\/a> <a href=\"https:\/\/twitter.com\/hashtag\/IIW%C5%9A?src=hash&amp;ref_src=twsrc%5Etfw\">#IIW\u015a<\/a> <a href=\"https:\/\/twitter.com\/hashtag\/IIWojnaSwiatowa?src=hash&amp;ref_src=twsrc%5Etfw\">#IIWojnaSwiatowa<\/a> <a href=\"https:\/\/twitter.com\/hashtag\/wojna?src=hash&amp;ref_src=twsrc%5Etfw\">#wojna<\/a> <a href=\"https:\/\/twitter.com\/hashtag\/pami%C4%99%C4%87?src=hash&amp;ref_src=twsrc%5Etfw\">#pami\u0119\u0107<\/a> fot. Micha\u0142 Puszczewicz <a href=\"https:\/\/t.co\/JWwyZchapJ\">https:\/\/t.co\/JWwyZchapJ<\/a> <a href=\"https:\/\/t.co\/3DYVjg3cYw\">pic.twitter.com\/3DYVjg3cYw<\/a><\/p>\n<p>&mdash; Lechos\u0142aw Dzier\u017cak (@LDzierzak) <a href=\"https:\/\/twitter.com\/LDzierzak\/status\/1168138827585773568?ref_src=twsrc%5Etfw\">September 1, 2019<\/a><\/p><\/blockquote>\n<p> <script async src=\"https:\/\/platform.twitter.com\/widgets.js\" charset=\"utf-8\"><\/script><\/p>\n","protected":false},"excerpt":{"rendered":"<p>Obchody 80. rocznicy wybuchu II wojny \u015bwiatowej na cmentarzu wojskowym w Red\u0142owie #wGdyni #IIW\u015a #IIWojnaSwiatowa #wojna #pami\u0119\u0107 fot. Micha\u0142 Puszczewicz https:\/\/t.co\/JWwyZchapJ pic.twitter.com\/3DYVjg3cYw &mdash; Lechos\u0142aw Dzier\u017cak (@LDzierzak) September 1, 2019<\/p>\n","protected":false},"author":1,"featured_media":0,"comment_status":"open","ping_status":"open","sticky":false,"template":"","format":"standard","meta":{"footnotes":""},"categories":[1,290],"tags":[404,402,403],"_links":{"self":[{"href":"https:\/\/lechoslaw.dzierzak.eu\/index.php\/wp-json\/wp\/v2\/posts\/4113"}],"collection":[{"href":"https:\/\/lechoslaw.dzierzak.eu\/index.php\/wp-json\/wp\/v2\/posts"}],"about":[{"href":"https:\/\/lechoslaw.dzierzak.eu\/index.php\/wp-json\/wp\/v2\/types\/post"}],"author":[{"embeddable":true,"href":"https:\/\/lechoslaw.dzierzak.eu\/index.php\/wp-json\/wp\/v2\/users\/1"}],"replies":[{"embeddable":true,"href":"https:\/\/lechoslaw.dzierzak.eu\/index.php\/wp-json\/wp\/v2\/comments?post=4113"}],"version-history":[{"count":2,"href":"https:\/\/lechoslaw.dzierzak.eu\/index.php\/wp-json\/wp\/v2\/posts\/4113\/revisions"}],"predecessor-version":[{"id":4141,"href":"https:\/\/lechoslaw.dzierzak.eu\/index.php\/wp-json\/wp\/v2\/posts\/4113\/revisions\/4141"}],"wp:attachment":[{"href":"https:\/\/lechoslaw.dzierzak.eu\/index.php\/wp-json\/wp\/v2\/media?parent=4113"}],"wp:term":[{"taxonomy":"category","embeddable":true,"href":"https:\/\/lechoslaw.dzierzak.eu\/index.php\/wp-json\/wp\/v2\/categories?post=4113"},{"taxonomy":"post_tag","embeddable":true,"href":"https:\/\/lechoslaw.dzierzak.eu\/index.php\/wp-json\/wp\/v2\/tags?post=4113"}],"curies":[{"name":"wp","href":"https:\/\/api.w.org\/{rel}","templated":true}]}}