{"id":4094,"date":"2019-08-30T18:27:23","date_gmt":"2019-08-30T16:27:23","guid":{"rendered":"https:\/\/lechoslaw.dzierzak.eu\/?p=4094"},"modified":"2019-09-14T10:59:29","modified_gmt":"2019-09-14T08:59:29","slug":"awans-na-pierwszy-stopien-oficerski","status":"publish","type":"post","link":"https:\/\/lechoslaw.dzierzak.eu\/index.php\/awans-na-pierwszy-stopien-oficerski\/","title":{"rendered":"Awans na pierwszy stopie\u0144 oficerski"},"content":{"rendered":"<p><a href=\"https:\/\/www.gdynia.pl\/co-nowego,2774\/oficerskie-swieto-na-orp-blyskawicy,541407\"><img decoding=\"async\" src=\"https:\/\/lechoslaw.dzierzak.eu\/wp-content\/uploads\/2019\/08\/69674043_232431444335101_6716148512326680576_n.jpg\" alt=\"\" title=\"69674043_232431444335101_6716148512326680576_n\" width=\"555\" class=\"alignnone size-full wp-image-4097\" srcset=\"https:\/\/lechoslaw.dzierzak.eu\/wp-content\/uploads\/2019\/08\/69674043_232431444335101_6716148512326680576_n.jpg 960w, https:\/\/lechoslaw.dzierzak.eu\/wp-content\/uploads\/2019\/08\/69674043_232431444335101_6716148512326680576_n-300x200.jpg 300w\" sizes=\"(max-width: 960px) 100vw, 960px\" \/><\/a><\/p>\n<blockquote class=\"twitter-tweet\" data-lang=\"pl\">\n<p lang=\"pl\" dir=\"ltr\">Promocja na pierwszy stopie\u0144 oficerski podchor\u0105\u017cych Akademii Marynarki Wojennej <a href=\"https:\/\/twitter.com\/hashtag\/wGdyni?src=hash&amp;ref_src=twsrc%5Etfw\">#wGdyni<\/a>. A tak\u017ce zako\u0144czenie roku oddzia\u0142u zagranicznego z Kuwejtu i Kataru. W imieniu Prezydenta Wojciecha Szczurka z\u0142o\u017cy\u0142em wszystkim gratulacje.  <a href=\"https:\/\/twitter.com\/Akademia_MW?ref_src=twsrc%5Etfw\">@Akademia_MW<\/a> <a href=\"https:\/\/twitter.com\/hashtag\/podchor%C4%85%C5%BCy?src=hash&amp;ref_src=twsrc%5Etfw\">#podchor\u0105\u017cy<\/a> <a href=\"https:\/\/twitter.com\/hashtag\/marynarkawojenna?src=hash&amp;ref_src=twsrc%5Etfw\">#marynarkawojenna<\/a> <a href=\"https:\/\/t.co\/aaETF9ZCSy\">pic.twitter.com\/aaETF9ZCSy<\/a><\/p>\n<p>&mdash; Lechos\u0142aw Dzier\u017cak (@LDzierzak) <a href=\"https:\/\/twitter.com\/LDzierzak\/status\/1167414996780949505?ref_src=twsrc%5Etfw\">30 sierpnia 2019<\/a><\/p><\/blockquote>\n<p><script async src=\"https:\/\/platform.twitter.com\/widgets.js\" charset=\"utf-8\"><\/script><\/p>\n","protected":false},"excerpt":{"rendered":"<p>Promocja na pierwszy stopie\u0144 oficerski podchor\u0105\u017cych Akademii Marynarki Wojennej #wGdyni. A tak\u017ce zako\u0144czenie roku oddzia\u0142u zagranicznego z Kuwejtu i Kataru. W imieniu Prezydenta Wojciecha Szczurka z\u0142o\u017cy\u0142em wszystkim gratulacje. @Akademia_MW #podchor\u0105\u017cy #marynarkawojenna pic.twitter.com\/aaETF9ZCSy &mdash; Lechos\u0142aw Dzier\u017cak (@LDzierzak) 30 sierpnia 2019<\/p>\n","protected":false},"author":1,"featured_media":0,"comment_status":"open","ping_status":"open","sticky":false,"template":"","format":"standard","meta":{"footnotes":""},"categories":[290],"tags":[48,408],"_links":{"self":[{"href":"https:\/\/lechoslaw.dzierzak.eu\/index.php\/wp-json\/wp\/v2\/posts\/4094"}],"collection":[{"href":"https:\/\/lechoslaw.dzierzak.eu\/index.php\/wp-json\/wp\/v2\/posts"}],"about":[{"href":"https:\/\/lechoslaw.dzierzak.eu\/index.php\/wp-json\/wp\/v2\/types\/post"}],"author":[{"embeddable":true,"href":"https:\/\/lechoslaw.dzierzak.eu\/index.php\/wp-json\/wp\/v2\/users\/1"}],"replies":[{"embeddable":true,"href":"https:\/\/lechoslaw.dzierzak.eu\/index.php\/wp-json\/wp\/v2\/comments?post=4094"}],"version-history":[{"count":3,"href":"https:\/\/lechoslaw.dzierzak.eu\/index.php\/wp-json\/wp\/v2\/posts\/4094\/revisions"}],"predecessor-version":[{"id":4144,"href":"https:\/\/lechoslaw.dzierzak.eu\/index.php\/wp-json\/wp\/v2\/posts\/4094\/revisions\/4144"}],"wp:attachment":[{"href":"https:\/\/lechoslaw.dzierzak.eu\/index.php\/wp-json\/wp\/v2\/media?parent=4094"}],"wp:term":[{"taxonomy":"category","embeddable":true,"href":"https:\/\/lechoslaw.dzierzak.eu\/index.php\/wp-json\/wp\/v2\/categories?post=4094"},{"taxonomy":"post_tag","embeddable":true,"href":"https:\/\/lechoslaw.dzierzak.eu\/index.php\/wp-json\/wp\/v2\/tags?post=4094"}],"curies":[{"name":"wp","href":"https:\/\/api.w.org\/{rel}","templated":true}]}}