{"id":3922,"date":"2019-06-05T09:59:48","date_gmt":"2019-06-05T07:59:48","guid":{"rendered":"https:\/\/lechoslaw.dzierzak.eu\/?p=3922"},"modified":"2019-06-15T11:00:58","modified_gmt":"2019-06-15T09:00:58","slug":"gdynia-open-2019-zapisy","status":"publish","type":"post","link":"https:\/\/lechoslaw.dzierzak.eu\/index.php\/gdynia-open-2019-zapisy\/","title":{"rendered":"Gdynia Open 2019 &#8211; Zapisy"},"content":{"rendered":"<blockquote class=\"twitter-tweet\">\n<p lang=\"pl\" dir=\"ltr\">W dniach 26-30 sierpnia <a href=\"https:\/\/twitter.com\/hashtag\/wGdyni?src=hash&amp;ref_src=twsrc%5Etfw\">#wGdyni<\/a> zabrzmi\u0105 m\u0142odzi i utalentowani soli\u015bci oraz zespo\u0142y. Mi\u0119dzynarodowy Festiwal Piosenki Dzieci\u0119cej i M\u0142odzie\u017cowej Gdynia OPEN 2019 odb\u0119dzie si\u0119 w <a href=\"https:\/\/twitter.com\/PPNT_Gdynia?ref_src=twsrc%5Etfw\">@PPNT_Gdynia<\/a>. Zg\u0142oszenia do 14 czerwca za pomoc\u0105 formularza na <a href=\"https:\/\/t.co\/7wghrA9fCg\">https:\/\/t.co\/7wghrA9fCg<\/a>. <a href=\"https:\/\/t.co\/0emyQTgBMm\">pic.twitter.com\/0emyQTgBMm<\/a><\/p>\n<p>&mdash; Gdynia (@MiastoGdynia) <a href=\"https:\/\/twitter.com\/MiastoGdynia\/status\/1136248151998902272?ref_src=twsrc%5Etfw\">June 5, 2019<\/a><\/p><\/blockquote>\n<p> <script async src=\"https:\/\/platform.twitter.com\/widgets.js\" charset=\"utf-8\"><\/script><\/p>\n","protected":false},"excerpt":{"rendered":"<p>W dniach 26-30 sierpnia #wGdyni zabrzmi\u0105 m\u0142odzi i utalentowani soli\u015bci oraz zespo\u0142y. Mi\u0119dzynarodowy Festiwal Piosenki Dzieci\u0119cej i M\u0142odzie\u017cowej Gdynia OPEN 2019 odb\u0119dzie si\u0119 w @PPNT_Gdynia. Zg\u0142oszenia do 14 czerwca za pomoc\u0105 formularza na https:\/\/t.co\/7wghrA9fCg. pic.twitter.com\/0emyQTgBMm &mdash; Gdynia (@MiastoGdynia) June 5, 2019<\/p>\n","protected":false},"author":1,"featured_media":0,"comment_status":"open","ping_status":"open","sticky":false,"template":"","format":"standard","meta":{"footnotes":""},"categories":[1],"tags":[],"_links":{"self":[{"href":"https:\/\/lechoslaw.dzierzak.eu\/index.php\/wp-json\/wp\/v2\/posts\/3922"}],"collection":[{"href":"https:\/\/lechoslaw.dzierzak.eu\/index.php\/wp-json\/wp\/v2\/posts"}],"about":[{"href":"https:\/\/lechoslaw.dzierzak.eu\/index.php\/wp-json\/wp\/v2\/types\/post"}],"author":[{"embeddable":true,"href":"https:\/\/lechoslaw.dzierzak.eu\/index.php\/wp-json\/wp\/v2\/users\/1"}],"replies":[{"embeddable":true,"href":"https:\/\/lechoslaw.dzierzak.eu\/index.php\/wp-json\/wp\/v2\/comments?post=3922"}],"version-history":[{"count":2,"href":"https:\/\/lechoslaw.dzierzak.eu\/index.php\/wp-json\/wp\/v2\/posts\/3922\/revisions"}],"predecessor-version":[{"id":3924,"href":"https:\/\/lechoslaw.dzierzak.eu\/index.php\/wp-json\/wp\/v2\/posts\/3922\/revisions\/3924"}],"wp:attachment":[{"href":"https:\/\/lechoslaw.dzierzak.eu\/index.php\/wp-json\/wp\/v2\/media?parent=3922"}],"wp:term":[{"taxonomy":"category","embeddable":true,"href":"https:\/\/lechoslaw.dzierzak.eu\/index.php\/wp-json\/wp\/v2\/categories?post=3922"},{"taxonomy":"post_tag","embeddable":true,"href":"https:\/\/lechoslaw.dzierzak.eu\/index.php\/wp-json\/wp\/v2\/tags?post=3922"}],"curies":[{"name":"wp","href":"https:\/\/api.w.org\/{rel}","templated":true}]}}