{"id":3594,"date":"2018-12-02T22:08:19","date_gmt":"2018-12-02T20:08:19","guid":{"rendered":"https:\/\/lechoslaw.dzierzak.eu\/?p=3594"},"modified":"2018-12-10T22:09:22","modified_gmt":"2018-12-10T20:09:22","slug":"gdynskie-forum-pozarzadowe-2018","status":"publish","type":"post","link":"https:\/\/lechoslaw.dzierzak.eu\/index.php\/gdynskie-forum-pozarzadowe-2018\/","title":{"rendered":"Gdy\u0144skie Forum Pozarz\u0105dowe 2018"},"content":{"rendered":"<blockquote class=\"twitter-tweet\" data-lang=\"pl\">\n<p lang=\"pl\" dir=\"ltr\">XXII Gdy\u0144skie Forum Pozarz\u0105dowe na BIS \ud83d\ude42 Niezmiernie mi\u0142o mi by\u0142o wr\u0119czy\u0107  statuetk\u0119 srebrnego \u015bledzia dla piel\u0119gniarki o wielkim sercu &#8211; Wandy Gawro\u0144skiej <a href=\"https:\/\/t.co\/8CIrRCsakb\">pic.twitter.com\/8CIrRCsakb<\/a><\/p>\n<p>&mdash; Lechos\u0142aw Dzier\u017cak (@LDzierzak) <a href=\"https:\/\/twitter.com\/LDzierzak\/status\/1069219878320726017?ref_src=twsrc%5Etfw\">2 grudnia 2018<\/a><\/p><\/blockquote>\n<p><script async src=\"https:\/\/platform.twitter.com\/widgets.js\" charset=\"utf-8\"><\/script><\/p>\n<blockquote class=\"twitter-tweet\" data-lang=\"pl\">\n<p lang=\"pl\" dir=\"ltr\">Za nami &quot;Gdy\u0144skie Forum Pozarz\u0105dowe&quot;. <br \/>&#8211; Rozmawiamy, podsumowujemy to, co si\u0119 wydarzy\u0142o w ostatnim roku, ale r\u00f3wnie\u017c planujemy, co b\u0119dzie w przysz\u0142o\u015bci. To wa\u017cne spotkanie i ciesz\u0119 si\u0119, \u017ce tak wiele os\u00f3b na nie przyby\u0142o \u2013 m\u00f3wi\u0142 <a href=\"https:\/\/twitter.com\/Michal_Guc?ref_src=twsrc%5Etfw\">@Michal_Guc<\/a> <br \/><a href=\"https:\/\/t.co\/f8jLIxqwr2\">https:\/\/t.co\/f8jLIxqwr2<\/a> <a href=\"https:\/\/t.co\/zszS7ZoBH4\">pic.twitter.com\/zszS7ZoBH4<\/a><\/p>\n<p>&mdash; Gdynia (@MiastoGdynia) <a href=\"https:\/\/twitter.com\/MiastoGdynia\/status\/1068800036782387207?ref_src=twsrc%5Etfw\">1 grudnia 2018<\/a><\/p><\/blockquote>\n<p><script async src=\"https:\/\/platform.twitter.com\/widgets.js\" charset=\"utf-8\"><\/script><\/p>\n","protected":false},"excerpt":{"rendered":"<p>XXII Gdy\u0144skie Forum Pozarz\u0105dowe na BIS \ud83d\ude42 Niezmiernie mi\u0142o mi by\u0142o wr\u0119czy\u0107 statuetk\u0119 srebrnego \u015bledzia dla piel\u0119gniarki o wielkim sercu &#8211; Wandy Gawro\u0144skiej pic.twitter.com\/8CIrRCsakb &mdash; Lechos\u0142aw Dzier\u017cak (@LDzierzak) 2 grudnia 2018 Za nami &quot;Gdy\u0144skie Forum Pozarz\u0105dowe&quot;. &#8211; Rozmawiamy, podsumowujemy to, co si\u0119 wydarzy\u0142o w ostatnim roku, ale r\u00f3wnie\u017c planujemy, co b\u0119dzie w przysz\u0142o\u015bci. To wa\u017cne&hellip; <br \/> <a class=\"read-more\" href=\"https:\/\/lechoslaw.dzierzak.eu\/index.php\/gdynskie-forum-pozarzadowe-2018\/\">Dowiedz si\u0119 wi\u0119cej<\/a><\/p>\n","protected":false},"author":1,"featured_media":0,"comment_status":"open","ping_status":"open","sticky":false,"template":"","format":"standard","meta":{"footnotes":""},"categories":[3],"tags":[],"_links":{"self":[{"href":"https:\/\/lechoslaw.dzierzak.eu\/index.php\/wp-json\/wp\/v2\/posts\/3594"}],"collection":[{"href":"https:\/\/lechoslaw.dzierzak.eu\/index.php\/wp-json\/wp\/v2\/posts"}],"about":[{"href":"https:\/\/lechoslaw.dzierzak.eu\/index.php\/wp-json\/wp\/v2\/types\/post"}],"author":[{"embeddable":true,"href":"https:\/\/lechoslaw.dzierzak.eu\/index.php\/wp-json\/wp\/v2\/users\/1"}],"replies":[{"embeddable":true,"href":"https:\/\/lechoslaw.dzierzak.eu\/index.php\/wp-json\/wp\/v2\/comments?post=3594"}],"version-history":[{"count":1,"href":"https:\/\/lechoslaw.dzierzak.eu\/index.php\/wp-json\/wp\/v2\/posts\/3594\/revisions"}],"predecessor-version":[{"id":3595,"href":"https:\/\/lechoslaw.dzierzak.eu\/index.php\/wp-json\/wp\/v2\/posts\/3594\/revisions\/3595"}],"wp:attachment":[{"href":"https:\/\/lechoslaw.dzierzak.eu\/index.php\/wp-json\/wp\/v2\/media?parent=3594"}],"wp:term":[{"taxonomy":"category","embeddable":true,"href":"https:\/\/lechoslaw.dzierzak.eu\/index.php\/wp-json\/wp\/v2\/categories?post=3594"},{"taxonomy":"post_tag","embeddable":true,"href":"https:\/\/lechoslaw.dzierzak.eu\/index.php\/wp-json\/wp\/v2\/tags?post=3594"}],"curies":[{"name":"wp","href":"https:\/\/api.w.org\/{rel}","templated":true}]}}