{"id":3558,"date":"2018-11-09T15:57:54","date_gmt":"2018-11-09T13:57:54","guid":{"rendered":"https:\/\/lechoslaw.dzierzak.eu\/?p=3558"},"modified":"2018-11-13T15:58:34","modified_gmt":"2018-11-13T13:58:34","slug":"wystawa-oblicza-niepodleglej","status":"publish","type":"post","link":"https:\/\/lechoslaw.dzierzak.eu\/index.php\/wystawa-oblicza-niepodleglej\/","title":{"rendered":"Wystawa &#8222;Oblicza Niepodleg\u0142ej&#8221;"},"content":{"rendered":"<blockquote class=\"twitter-tweet\" data-lang=\"pl\">\n<p lang=\"pl\" dir=\"ltr\">Oblicza Niepodleg\u0142ej &#8211; to wystawa prac uczni\u00f3w Zespo\u0142u Szk\u00f3\u0142 Plastycznych <a href=\"https:\/\/twitter.com\/hashtag\/wGdyni?src=hash&amp;ref_src=twsrc%5Etfw\">#wGdyni<\/a> z okazji 100. rocznicy odzyskania przez Polsk\u0119 Niepodleg\u0142o\u015bci. W galerii Debiut prac\u0119 prezentowane s\u0105 do 2.12. <a href=\"https:\/\/twitter.com\/hashtag\/%C5%9AwietoNiepodleg%C5%82o%C5%9Bci?src=hash&amp;ref_src=twsrc%5Etfw\">#\u015awietoNiepodleg\u0142o\u015bci<\/a><br \/>Fot. Lechos\u0142aw Dzier\u017cak <a href=\"https:\/\/t.co\/RuoXrNNAQW\">pic.twitter.com\/RuoXrNNAQW<\/a><\/p>\n<p>&mdash; Gdynia (@MiastoGdynia) <a href=\"https:\/\/twitter.com\/MiastoGdynia\/status\/1060939439671832577?ref_src=twsrc%5Etfw\">9 listopada 2018<\/a><\/p><\/blockquote>\n<p><script async src=\"https:\/\/platform.twitter.com\/widgets.js\" charset=\"utf-8\"><\/script><\/p>\n","protected":false},"excerpt":{"rendered":"<p>Oblicza Niepodleg\u0142ej &#8211; to wystawa prac uczni\u00f3w Zespo\u0142u Szk\u00f3\u0142 Plastycznych #wGdyni z okazji 100. rocznicy odzyskania przez Polsk\u0119 Niepodleg\u0142o\u015bci. W galerii Debiut prac\u0119 prezentowane s\u0105 do 2.12. #\u015awietoNiepodleg\u0142o\u015bciFot. Lechos\u0142aw Dzier\u017cak pic.twitter.com\/RuoXrNNAQW &mdash; Gdynia (@MiastoGdynia) 9 listopada 2018<\/p>\n","protected":false},"author":1,"featured_media":0,"comment_status":"open","ping_status":"open","sticky":false,"template":"","format":"standard","meta":{"footnotes":""},"categories":[1,4],"tags":[],"_links":{"self":[{"href":"https:\/\/lechoslaw.dzierzak.eu\/index.php\/wp-json\/wp\/v2\/posts\/3558"}],"collection":[{"href":"https:\/\/lechoslaw.dzierzak.eu\/index.php\/wp-json\/wp\/v2\/posts"}],"about":[{"href":"https:\/\/lechoslaw.dzierzak.eu\/index.php\/wp-json\/wp\/v2\/types\/post"}],"author":[{"embeddable":true,"href":"https:\/\/lechoslaw.dzierzak.eu\/index.php\/wp-json\/wp\/v2\/users\/1"}],"replies":[{"embeddable":true,"href":"https:\/\/lechoslaw.dzierzak.eu\/index.php\/wp-json\/wp\/v2\/comments?post=3558"}],"version-history":[{"count":1,"href":"https:\/\/lechoslaw.dzierzak.eu\/index.php\/wp-json\/wp\/v2\/posts\/3558\/revisions"}],"predecessor-version":[{"id":3559,"href":"https:\/\/lechoslaw.dzierzak.eu\/index.php\/wp-json\/wp\/v2\/posts\/3558\/revisions\/3559"}],"wp:attachment":[{"href":"https:\/\/lechoslaw.dzierzak.eu\/index.php\/wp-json\/wp\/v2\/media?parent=3558"}],"wp:term":[{"taxonomy":"category","embeddable":true,"href":"https:\/\/lechoslaw.dzierzak.eu\/index.php\/wp-json\/wp\/v2\/categories?post=3558"},{"taxonomy":"post_tag","embeddable":true,"href":"https:\/\/lechoslaw.dzierzak.eu\/index.php\/wp-json\/wp\/v2\/tags?post=3558"}],"curies":[{"name":"wp","href":"https:\/\/api.w.org\/{rel}","templated":true}]}}