{"id":3553,"date":"2018-11-09T07:54:33","date_gmt":"2018-11-09T05:54:33","guid":{"rendered":"https:\/\/lechoslaw.dzierzak.eu\/?p=3553"},"modified":"2018-11-13T15:56:55","modified_gmt":"2018-11-13T13:56:55","slug":"zyczenia-dla-niepodleglej-z-daru-mlodziezy","status":"publish","type":"post","link":"https:\/\/lechoslaw.dzierzak.eu\/index.php\/zyczenia-dla-niepodleglej-z-daru-mlodziezy\/","title":{"rendered":"\u017byczenia dla Niepodleg\u0142ej z Daru M\u0142odzie\u017cy"},"content":{"rendered":"<blockquote class=\"twitter-tweet\" data-lang=\"pl\">\n<p lang=\"pl\" dir=\"ltr\">\u015awi\u0119to Niepodleg\u0142o\u015bci za\u0142oga &quot;Daru M\u0142odzie\u017cy&quot; obchodzi\u0107 b\u0119dzie w Osace. \u017beglarze maj\u0105 dla Was z tej okazji specjalne \u017cyczenia. <a href=\"https:\/\/twitter.com\/hashtag\/RejsNiepodleglosci?src=hash&amp;ref_src=twsrc%5Etfw\">#RejsNiepodleglosci<\/a><br \/> <a href=\"https:\/\/twitter.com\/UMwGdyni?ref_src=twsrc%5Etfw\">@UMwGdyni<\/a> <br \/>Pos\u0142uchajcie. <a href=\"https:\/\/t.co\/wKRXsjbooR\">pic.twitter.com\/wKRXsjbooR<\/a><\/p>\n<p>&mdash; Gdynia (@MiastoGdynia) <a href=\"https:\/\/twitter.com\/MiastoGdynia\/status\/1060903544218357762?ref_src=twsrc%5Etfw\">9 listopada 2018<\/a><\/p><\/blockquote>\n<p><script async src=\"https:\/\/platform.twitter.com\/widgets.js\" charset=\"utf-8\"><\/script><\/p>\n","protected":false},"excerpt":{"rendered":"<p>\u015awi\u0119to Niepodleg\u0142o\u015bci za\u0142oga &quot;Daru M\u0142odzie\u017cy&quot; obchodzi\u0107 b\u0119dzie w Osace. \u017beglarze maj\u0105 dla Was z tej okazji specjalne \u017cyczenia. #RejsNiepodleglosci @UMwGdyni Pos\u0142uchajcie. pic.twitter.com\/wKRXsjbooR &mdash; Gdynia (@MiastoGdynia) 9 listopada 2018<\/p>\n","protected":false},"author":1,"featured_media":0,"comment_status":"open","ping_status":"open","sticky":false,"template":"","format":"standard","meta":{"footnotes":""},"categories":[1,3],"tags":[],"_links":{"self":[{"href":"https:\/\/lechoslaw.dzierzak.eu\/index.php\/wp-json\/wp\/v2\/posts\/3553"}],"collection":[{"href":"https:\/\/lechoslaw.dzierzak.eu\/index.php\/wp-json\/wp\/v2\/posts"}],"about":[{"href":"https:\/\/lechoslaw.dzierzak.eu\/index.php\/wp-json\/wp\/v2\/types\/post"}],"author":[{"embeddable":true,"href":"https:\/\/lechoslaw.dzierzak.eu\/index.php\/wp-json\/wp\/v2\/users\/1"}],"replies":[{"embeddable":true,"href":"https:\/\/lechoslaw.dzierzak.eu\/index.php\/wp-json\/wp\/v2\/comments?post=3553"}],"version-history":[{"count":3,"href":"https:\/\/lechoslaw.dzierzak.eu\/index.php\/wp-json\/wp\/v2\/posts\/3553\/revisions"}],"predecessor-version":[{"id":3555,"href":"https:\/\/lechoslaw.dzierzak.eu\/index.php\/wp-json\/wp\/v2\/posts\/3553\/revisions\/3555"}],"wp:attachment":[{"href":"https:\/\/lechoslaw.dzierzak.eu\/index.php\/wp-json\/wp\/v2\/media?parent=3553"}],"wp:term":[{"taxonomy":"category","embeddable":true,"href":"https:\/\/lechoslaw.dzierzak.eu\/index.php\/wp-json\/wp\/v2\/categories?post=3553"},{"taxonomy":"post_tag","embeddable":true,"href":"https:\/\/lechoslaw.dzierzak.eu\/index.php\/wp-json\/wp\/v2\/tags?post=3553"}],"curies":[{"name":"wp","href":"https:\/\/api.w.org\/{rel}","templated":true}]}}