{"id":3551,"date":"2018-11-09T15:52:52","date_gmt":"2018-11-09T13:52:52","guid":{"rendered":"https:\/\/lechoslaw.dzierzak.eu\/?p=3551"},"modified":"2018-11-13T15:57:36","modified_gmt":"2018-11-13T13:57:36","slug":"parada-niepodleglosci-w-orlowie","status":"publish","type":"post","link":"https:\/\/lechoslaw.dzierzak.eu\/index.php\/parada-niepodleglosci-w-orlowie\/","title":{"rendered":"Parada niepodleg\u0142o\u015bci w Or\u0142owie"},"content":{"rendered":"<p><a href=\"https:\/\/www.gdynia.pl\/co-nowego,2774\/orlowska-parada-niepodleglosci,530674\"><strong>CZYTAJ TEKST >>> Or\u0142owska Parada Niepodleg\u0142o\u015bci <\/strong><\/a><\/p>\n<blockquote class=\"twitter-tweet\" data-lang=\"pl\">\n<p lang=\"pl\" dir=\"ltr\"> Jak uczci\u0107 100. rocznic\u0119 niepodleg\u0142o\u015bci? Ju\u017c dzi\u015b uczniowie, nauczyciele, mieszka\u0144cy i samorz\u0105dowcy wsp\u00f3lnie \u015bwi\u0119towali podczas Dzielnicowej Parady Niepodleg\u0142o\u015bci w Or\u0142owie.<a href=\"https:\/\/twitter.com\/hashtag\/Gdynia?src=hash&amp;ref_src=twsrc%5Etfw\">#Gdynia<\/a><br \/>Fot. Lechos\u0142aw Dzier\u017cak <a href=\"https:\/\/t.co\/Yk7YLjJ3lr\">pic.twitter.com\/Yk7YLjJ3lr<\/a><\/p>\n<p>&mdash; Gdynia (@MiastoGdynia) <a href=\"https:\/\/twitter.com\/MiastoGdynia\/status\/1060844492431994880?ref_src=twsrc%5Etfw\">9 listopada 2018<\/a><\/p><\/blockquote>\n<p><script async src=\"https:\/\/platform.twitter.com\/widgets.js\" charset=\"utf-8\"><\/script><\/p>\n","protected":false},"excerpt":{"rendered":"<p>CZYTAJ TEKST >>> Or\u0142owska Parada Niepodleg\u0142o\u015bci Jak uczci\u0107 100. rocznic\u0119 niepodleg\u0142o\u015bci? Ju\u017c dzi\u015b uczniowie, nauczyciele, mieszka\u0144cy i samorz\u0105dowcy wsp\u00f3lnie \u015bwi\u0119towali podczas Dzielnicowej Parady Niepodleg\u0142o\u015bci w Or\u0142owie.#GdyniaFot. Lechos\u0142aw Dzier\u017cak pic.twitter.com\/Yk7YLjJ3lr &mdash; Gdynia (@MiastoGdynia) 9 listopada 2018<\/p>\n","protected":false},"author":1,"featured_media":0,"comment_status":"open","ping_status":"open","sticky":false,"template":"","format":"standard","meta":{"footnotes":""},"categories":[1,4],"tags":[],"_links":{"self":[{"href":"https:\/\/lechoslaw.dzierzak.eu\/index.php\/wp-json\/wp\/v2\/posts\/3551"}],"collection":[{"href":"https:\/\/lechoslaw.dzierzak.eu\/index.php\/wp-json\/wp\/v2\/posts"}],"about":[{"href":"https:\/\/lechoslaw.dzierzak.eu\/index.php\/wp-json\/wp\/v2\/types\/post"}],"author":[{"embeddable":true,"href":"https:\/\/lechoslaw.dzierzak.eu\/index.php\/wp-json\/wp\/v2\/users\/1"}],"replies":[{"embeddable":true,"href":"https:\/\/lechoslaw.dzierzak.eu\/index.php\/wp-json\/wp\/v2\/comments?post=3551"}],"version-history":[{"count":2,"href":"https:\/\/lechoslaw.dzierzak.eu\/index.php\/wp-json\/wp\/v2\/posts\/3551\/revisions"}],"predecessor-version":[{"id":3557,"href":"https:\/\/lechoslaw.dzierzak.eu\/index.php\/wp-json\/wp\/v2\/posts\/3551\/revisions\/3557"}],"wp:attachment":[{"href":"https:\/\/lechoslaw.dzierzak.eu\/index.php\/wp-json\/wp\/v2\/media?parent=3551"}],"wp:term":[{"taxonomy":"category","embeddable":true,"href":"https:\/\/lechoslaw.dzierzak.eu\/index.php\/wp-json\/wp\/v2\/categories?post=3551"},{"taxonomy":"post_tag","embeddable":true,"href":"https:\/\/lechoslaw.dzierzak.eu\/index.php\/wp-json\/wp\/v2\/tags?post=3551"}],"curies":[{"name":"wp","href":"https:\/\/api.w.org\/{rel}","templated":true}]}}