{"id":3546,"date":"2018-11-08T15:49:27","date_gmt":"2018-11-08T13:49:27","guid":{"rendered":"https:\/\/lechoslaw.dzierzak.eu\/?p=3546"},"modified":"2018-11-13T15:51:30","modified_gmt":"2018-11-13T13:51:30","slug":"epitafium-dla-kukowskiego","status":"publish","type":"post","link":"https:\/\/lechoslaw.dzierzak.eu\/index.php\/epitafium-dla-kukowskiego\/","title":{"rendered":"Epitafium dla Kukowskiego"},"content":{"rendered":"<blockquote class=\"twitter-tweet\" data-lang=\"pl\">\n<p lang=\"pl\" dir=\"ltr\">W Parku Kolibki ods\u0142oni\u0119to tablic\u0119 upami\u0119tniaj\u0105c\u0105 Witolda J\u00f3zefa Adama Kukowskiego herbu \u015alepowron, ostatniego w\u0142a\u015bciciela D\u00f3br Rycerskich Kolibki. <br \/>Inicjatorem tablicy jest Rada Dzielnicy Or\u0142owo.<a href=\"https:\/\/twitter.com\/hashtag\/wGdyni?src=hash&amp;ref_src=twsrc%5Etfw\">#wGdyni<\/a><br \/>Fot. Lechos\u0142aw Dzier\u017cak <a href=\"https:\/\/t.co\/YenzPqwsA9\">pic.twitter.com\/YenzPqwsA9<\/a><\/p>\n<p>&mdash; Gdynia (@MiastoGdynia) <a href=\"https:\/\/twitter.com\/MiastoGdynia\/status\/1060490224759906305?ref_src=twsrc%5Etfw\">8 listopada 2018<\/a><\/p><\/blockquote>\n<p><script async src=\"https:\/\/platform.twitter.com\/widgets.js\" charset=\"utf-8\"><\/script><\/p>\n<p><a href=\"https:\/\/www.gdynia.pl\/co-nowego,2774\/epitafium-dla-kukowskiego,530648\"><strong>CZYTAJ TEKST >>> Epitafium dla Kukowskiego <\/strong><\/a><\/p>\n","protected":false},"excerpt":{"rendered":"<p>W Parku Kolibki ods\u0142oni\u0119to tablic\u0119 upami\u0119tniaj\u0105c\u0105 Witolda J\u00f3zefa Adama Kukowskiego herbu \u015alepowron, ostatniego w\u0142a\u015bciciela D\u00f3br Rycerskich Kolibki. Inicjatorem tablicy jest Rada Dzielnicy Or\u0142owo.#wGdyniFot. Lechos\u0142aw Dzier\u017cak pic.twitter.com\/YenzPqwsA9 &mdash; Gdynia (@MiastoGdynia) 8 listopada 2018 CZYTAJ TEKST >>> Epitafium dla Kukowskiego<\/p>\n","protected":false},"author":1,"featured_media":0,"comment_status":"open","ping_status":"open","sticky":false,"template":"","format":"standard","meta":{"footnotes":""},"categories":[1,4],"tags":[],"_links":{"self":[{"href":"https:\/\/lechoslaw.dzierzak.eu\/index.php\/wp-json\/wp\/v2\/posts\/3546"}],"collection":[{"href":"https:\/\/lechoslaw.dzierzak.eu\/index.php\/wp-json\/wp\/v2\/posts"}],"about":[{"href":"https:\/\/lechoslaw.dzierzak.eu\/index.php\/wp-json\/wp\/v2\/types\/post"}],"author":[{"embeddable":true,"href":"https:\/\/lechoslaw.dzierzak.eu\/index.php\/wp-json\/wp\/v2\/users\/1"}],"replies":[{"embeddable":true,"href":"https:\/\/lechoslaw.dzierzak.eu\/index.php\/wp-json\/wp\/v2\/comments?post=3546"}],"version-history":[{"count":2,"href":"https:\/\/lechoslaw.dzierzak.eu\/index.php\/wp-json\/wp\/v2\/posts\/3546\/revisions"}],"predecessor-version":[{"id":3548,"href":"https:\/\/lechoslaw.dzierzak.eu\/index.php\/wp-json\/wp\/v2\/posts\/3546\/revisions\/3548"}],"wp:attachment":[{"href":"https:\/\/lechoslaw.dzierzak.eu\/index.php\/wp-json\/wp\/v2\/media?parent=3546"}],"wp:term":[{"taxonomy":"category","embeddable":true,"href":"https:\/\/lechoslaw.dzierzak.eu\/index.php\/wp-json\/wp\/v2\/categories?post=3546"},{"taxonomy":"post_tag","embeddable":true,"href":"https:\/\/lechoslaw.dzierzak.eu\/index.php\/wp-json\/wp\/v2\/tags?post=3546"}],"curies":[{"name":"wp","href":"https:\/\/api.w.org\/{rel}","templated":true}]}}