{"id":3540,"date":"2018-11-06T15:45:19","date_gmt":"2018-11-06T13:45:19","guid":{"rendered":"https:\/\/lechoslaw.dzierzak.eu\/?p=3540"},"modified":"2018-11-13T15:46:04","modified_gmt":"2018-11-13T13:46:04","slug":"rower-cargo-juz-w-gdyni","status":"publish","type":"post","link":"https:\/\/lechoslaw.dzierzak.eu\/index.php\/rower-cargo-juz-w-gdyni\/","title":{"rendered":"Rower Cargo ju\u017c w Gdyni :)"},"content":{"rendered":"<blockquote class=\"twitter-tweet\" data-lang=\"pl\">\n<p lang=\"pl\" dir=\"ltr\">Z towarami? Z dzieckiem? Z dodatkowym baga\u017cem? Nie ma problemu &#8211; rusza wyj\u0105tkowy projekt, kt\u00f3ry ma przekona\u0107 gdynian, \u017ce nie ma takich rzeczy, kt\u00f3rych\u2026 nie da si\u0119 przewie\u017a\u0107 rowerami.  <a href=\"https:\/\/t.co\/cISsYVKQNt\">https:\/\/t.co\/cISsYVKQNt<\/a><\/p>\n<p>&mdash; Gdynia (@MiastoGdynia) <a href=\"https:\/\/twitter.com\/MiastoGdynia\/status\/1059721494975127552?ref_src=twsrc%5Etfw\">6 listopada 2018<\/a><\/p><\/blockquote>\n<p><script async src=\"https:\/\/platform.twitter.com\/widgets.js\" charset=\"utf-8\"><\/script><\/p>\n<blockquote class=\"twitter-tweet\" data-lang=\"pl\">\n<p lang=\"pl\" dir=\"ltr\">Test gdy\u0144skiego roweru cargo. Jest moc!!! \ud83d\ude42  <a href=\"https:\/\/t.co\/2CIux2ubKC\">pic.twitter.com\/2CIux2ubKC<\/a><\/p>\n<p>&mdash; Lechos\u0142aw Dzier\u017cak (@LDzierzak) <a href=\"https:\/\/twitter.com\/LDzierzak\/status\/1059766261780021248?ref_src=twsrc%5Etfw\">6 listopada 2018<\/a><\/p><\/blockquote>\n<p><script async src=\"https:\/\/platform.twitter.com\/widgets.js\" charset=\"utf-8\"><\/script><\/p>\n","protected":false},"excerpt":{"rendered":"<p>Z towarami? Z dzieckiem? Z dodatkowym baga\u017cem? Nie ma problemu &#8211; rusza wyj\u0105tkowy projekt, kt\u00f3ry ma przekona\u0107 gdynian, \u017ce nie ma takich rzeczy, kt\u00f3rych\u2026 nie da si\u0119 przewie\u017a\u0107 rowerami. https:\/\/t.co\/cISsYVKQNt &mdash; Gdynia (@MiastoGdynia) 6 listopada 2018 Test gdy\u0144skiego roweru cargo. Jest moc!!! \ud83d\ude42 pic.twitter.com\/2CIux2ubKC &mdash; Lechos\u0142aw Dzier\u017cak (@LDzierzak) 6 listopada 2018<\/p>\n","protected":false},"author":1,"featured_media":0,"comment_status":"open","ping_status":"open","sticky":false,"template":"","format":"standard","meta":{"footnotes":""},"categories":[1,4],"tags":[],"_links":{"self":[{"href":"https:\/\/lechoslaw.dzierzak.eu\/index.php\/wp-json\/wp\/v2\/posts\/3540"}],"collection":[{"href":"https:\/\/lechoslaw.dzierzak.eu\/index.php\/wp-json\/wp\/v2\/posts"}],"about":[{"href":"https:\/\/lechoslaw.dzierzak.eu\/index.php\/wp-json\/wp\/v2\/types\/post"}],"author":[{"embeddable":true,"href":"https:\/\/lechoslaw.dzierzak.eu\/index.php\/wp-json\/wp\/v2\/users\/1"}],"replies":[{"embeddable":true,"href":"https:\/\/lechoslaw.dzierzak.eu\/index.php\/wp-json\/wp\/v2\/comments?post=3540"}],"version-history":[{"count":1,"href":"https:\/\/lechoslaw.dzierzak.eu\/index.php\/wp-json\/wp\/v2\/posts\/3540\/revisions"}],"predecessor-version":[{"id":3541,"href":"https:\/\/lechoslaw.dzierzak.eu\/index.php\/wp-json\/wp\/v2\/posts\/3540\/revisions\/3541"}],"wp:attachment":[{"href":"https:\/\/lechoslaw.dzierzak.eu\/index.php\/wp-json\/wp\/v2\/media?parent=3540"}],"wp:term":[{"taxonomy":"category","embeddable":true,"href":"https:\/\/lechoslaw.dzierzak.eu\/index.php\/wp-json\/wp\/v2\/categories?post=3540"},{"taxonomy":"post_tag","embeddable":true,"href":"https:\/\/lechoslaw.dzierzak.eu\/index.php\/wp-json\/wp\/v2\/tags?post=3540"}],"curies":[{"name":"wp","href":"https:\/\/api.w.org\/{rel}","templated":true}]}}