{"id":3498,"date":"2018-10-11T14:34:14","date_gmt":"2018-10-11T12:34:14","guid":{"rendered":"https:\/\/lechoslaw.dzierzak.eu\/?p=3498"},"modified":"2018-10-14T22:35:02","modified_gmt":"2018-10-14T20:35:02","slug":"30-lecie-dziennego-domu-na-maczka","status":"publish","type":"post","link":"https:\/\/lechoslaw.dzierzak.eu\/index.php\/30-lecie-dziennego-domu-na-maczka\/","title":{"rendered":"30-lecie Dziennego Domu na Maczka"},"content":{"rendered":"<blockquote class=\"twitter-tweet\" data-lang=\"pl\">\n<p lang=\"pl\" dir=\"ltr\">Dzienny Dom Pomocy Spo\u0142ecznej przy ul. Gen. Maczka <a href=\"https:\/\/twitter.com\/hashtag\/wGdyni?src=hash&amp;ref_src=twsrc%5Etfw\">#wGdyni<\/a> \u015bwi\u0119tuje 30-lecie dzia\u0142alno\u015bci. Samorz\u0105d oferuje tu aktywizacj\u0119 i wsparcie dla 60 gdy\u0144skich senior\u00f3w, zw\u0142aszcza tych, kt\u00f3rzy z racji chor\u00f3b, niepe\u0142nosprawno\u015bci wymagaj\u0105 szczeg\u00f3lnej pomocy. <a href=\"https:\/\/t.co\/nBKmhPl1sV\">pic.twitter.com\/nBKmhPl1sV<\/a><\/p>\n<p>&mdash; Gdynia (@MiastoGdynia) <a href=\"https:\/\/twitter.com\/MiastoGdynia\/status\/1050303959154520064?ref_src=twsrc%5Etfw\">11 pa\u017adziernika 2018<\/a><\/p><\/blockquote>\n<p><script async src=\"https:\/\/platform.twitter.com\/widgets.js\" charset=\"utf-8\"><\/script><\/p>\n","protected":false},"excerpt":{"rendered":"<p>Dzienny Dom Pomocy Spo\u0142ecznej przy ul. Gen. Maczka #wGdyni \u015bwi\u0119tuje 30-lecie dzia\u0142alno\u015bci. Samorz\u0105d oferuje tu aktywizacj\u0119 i wsparcie dla 60 gdy\u0144skich senior\u00f3w, zw\u0142aszcza tych, kt\u00f3rzy z racji chor\u00f3b, niepe\u0142nosprawno\u015bci wymagaj\u0105 szczeg\u00f3lnej pomocy. pic.twitter.com\/nBKmhPl1sV &mdash; Gdynia (@MiastoGdynia) 11 pa\u017adziernika 2018<\/p>\n","protected":false},"author":1,"featured_media":0,"comment_status":"open","ping_status":"open","sticky":false,"template":"","format":"standard","meta":{"footnotes":""},"categories":[1,3],"tags":[],"_links":{"self":[{"href":"https:\/\/lechoslaw.dzierzak.eu\/index.php\/wp-json\/wp\/v2\/posts\/3498"}],"collection":[{"href":"https:\/\/lechoslaw.dzierzak.eu\/index.php\/wp-json\/wp\/v2\/posts"}],"about":[{"href":"https:\/\/lechoslaw.dzierzak.eu\/index.php\/wp-json\/wp\/v2\/types\/post"}],"author":[{"embeddable":true,"href":"https:\/\/lechoslaw.dzierzak.eu\/index.php\/wp-json\/wp\/v2\/users\/1"}],"replies":[{"embeddable":true,"href":"https:\/\/lechoslaw.dzierzak.eu\/index.php\/wp-json\/wp\/v2\/comments?post=3498"}],"version-history":[{"count":1,"href":"https:\/\/lechoslaw.dzierzak.eu\/index.php\/wp-json\/wp\/v2\/posts\/3498\/revisions"}],"predecessor-version":[{"id":3499,"href":"https:\/\/lechoslaw.dzierzak.eu\/index.php\/wp-json\/wp\/v2\/posts\/3498\/revisions\/3499"}],"wp:attachment":[{"href":"https:\/\/lechoslaw.dzierzak.eu\/index.php\/wp-json\/wp\/v2\/media?parent=3498"}],"wp:term":[{"taxonomy":"category","embeddable":true,"href":"https:\/\/lechoslaw.dzierzak.eu\/index.php\/wp-json\/wp\/v2\/categories?post=3498"},{"taxonomy":"post_tag","embeddable":true,"href":"https:\/\/lechoslaw.dzierzak.eu\/index.php\/wp-json\/wp\/v2\/tags?post=3498"}],"curies":[{"name":"wp","href":"https:\/\/api.w.org\/{rel}","templated":true}]}}