{"id":3291,"date":"2018-07-26T11:52:34","date_gmt":"2018-07-26T09:52:34","guid":{"rendered":"https:\/\/lechoslaw.dzierzak.eu\/?p=3291"},"modified":"2018-08-01T11:52:58","modified_gmt":"2018-08-01T09:52:58","slug":"zaprosilismy-do-gdyni-dzieci-z-dworca-brzesc","status":"publish","type":"post","link":"https:\/\/lechoslaw.dzierzak.eu\/index.php\/zaprosilismy-do-gdyni-dzieci-z-dworca-brzesc\/","title":{"rendered":"Zaprosili\u015bmy do Gdyni Dzieci z Dworca Brze\u015b\u0107"},"content":{"rendered":"<blockquote class=\"twitter-tweet\" data-lang=\"pl\">\n<p lang=\"pl\" dir=\"ltr\">Dzieci z dworca Brze\u015b\u0107 na nasze zaproszenie przyjecha\u0142y do Gdyni. <\/p>\n<p>Wi\u0119cej informacji o nich oraz o tym jak mo\u017cna pom\u00f3c na stronie <a href=\"https:\/\/t.co\/tWkv6dplCj\">https:\/\/t.co\/tWkv6dplCj<\/a> <a href=\"https:\/\/t.co\/h6jKCP0cLs\">pic.twitter.com\/h6jKCP0cLs<\/a><\/p>\n<p>&mdash; Lechos\u0142aw Dzier\u017cak (@LDzierzak) <a href=\"https:\/\/twitter.com\/LDzierzak\/status\/1022376890802298880?ref_src=twsrc%5Etfw\">26 lipca 2018<\/a><\/p><\/blockquote>\n<p><script async src=\"https:\/\/platform.twitter.com\/widgets.js\" charset=\"utf-8\"><\/script><\/p>\n","protected":false},"excerpt":{"rendered":"<p>Dzieci z dworca Brze\u015b\u0107 na nasze zaproszenie przyjecha\u0142y do Gdyni. Wi\u0119cej informacji o nich oraz o tym jak mo\u017cna pom\u00f3c na stronie https:\/\/t.co\/tWkv6dplCj pic.twitter.com\/h6jKCP0cLs &mdash; Lechos\u0142aw Dzier\u017cak (@LDzierzak) 26 lipca 2018<\/p>\n","protected":false},"author":1,"featured_media":0,"comment_status":"open","ping_status":"open","sticky":false,"template":"","format":"standard","meta":{"footnotes":""},"categories":[3],"tags":[],"_links":{"self":[{"href":"https:\/\/lechoslaw.dzierzak.eu\/index.php\/wp-json\/wp\/v2\/posts\/3291"}],"collection":[{"href":"https:\/\/lechoslaw.dzierzak.eu\/index.php\/wp-json\/wp\/v2\/posts"}],"about":[{"href":"https:\/\/lechoslaw.dzierzak.eu\/index.php\/wp-json\/wp\/v2\/types\/post"}],"author":[{"embeddable":true,"href":"https:\/\/lechoslaw.dzierzak.eu\/index.php\/wp-json\/wp\/v2\/users\/1"}],"replies":[{"embeddable":true,"href":"https:\/\/lechoslaw.dzierzak.eu\/index.php\/wp-json\/wp\/v2\/comments?post=3291"}],"version-history":[{"count":1,"href":"https:\/\/lechoslaw.dzierzak.eu\/index.php\/wp-json\/wp\/v2\/posts\/3291\/revisions"}],"predecessor-version":[{"id":3292,"href":"https:\/\/lechoslaw.dzierzak.eu\/index.php\/wp-json\/wp\/v2\/posts\/3291\/revisions\/3292"}],"wp:attachment":[{"href":"https:\/\/lechoslaw.dzierzak.eu\/index.php\/wp-json\/wp\/v2\/media?parent=3291"}],"wp:term":[{"taxonomy":"category","embeddable":true,"href":"https:\/\/lechoslaw.dzierzak.eu\/index.php\/wp-json\/wp\/v2\/categories?post=3291"},{"taxonomy":"post_tag","embeddable":true,"href":"https:\/\/lechoslaw.dzierzak.eu\/index.php\/wp-json\/wp\/v2\/tags?post=3291"}],"curies":[{"name":"wp","href":"https:\/\/api.w.org\/{rel}","templated":true}]}}