{"id":3183,"date":"2018-07-07T21:46:04","date_gmt":"2018-07-07T19:46:04","guid":{"rendered":"https:\/\/lechoslaw.dzierzak.eu\/?p=3183"},"modified":"2018-07-09T21:47:32","modified_gmt":"2018-07-09T19:47:32","slug":"opener-festival-2018","status":"publish","type":"post","link":"https:\/\/lechoslaw.dzierzak.eu\/index.php\/opener-festival-2018\/","title":{"rendered":"Open&#8217;er Festival 2018"},"content":{"rendered":"<blockquote class=\"twitter-tweet\" data-lang=\"pl\">\n<p lang=\"pl\" dir=\"ltr\">Openerowicze dzi\u0119kuj\u0105 za pi\u0119kne s\u0142oneczko  <a href=\"https:\/\/twitter.com\/opener_festival?ref_src=twsrc%5Etfw\">@opener_festival<\/a> <a href=\"https:\/\/twitter.com\/hashtag\/opener2018?src=hash&amp;ref_src=twsrc%5Etfw\">#opener2018<\/a> <a href=\"https:\/\/twitter.com\/hashtag\/wGdyni?src=hash&amp;ref_src=twsrc%5Etfw\">#wGdyni<\/a> <a href=\"https:\/\/twitter.com\/MeteoprognozaPL?ref_src=twsrc%5Etfw\">@MeteoprognozaPL<\/a> <a href=\"https:\/\/t.co\/CchMnL9GlP\">pic.twitter.com\/CchMnL9GlP<\/a><\/p>\n<p>&mdash; Gdynia (@MiastoGdynia) <a href=\"https:\/\/twitter.com\/MiastoGdynia\/status\/1015674089460174849?ref_src=twsrc%5Etfw\">7 lipca 2018<\/a><\/p><\/blockquote>\n<p><script async src=\"https:\/\/platform.twitter.com\/widgets.js\" charset=\"utf-8\"><\/script><\/p>\n<p>Fot. Lechos\u0142aw Dzier\u017cak<\/p>\n","protected":false},"excerpt":{"rendered":"<p>Openerowicze dzi\u0119kuj\u0105 za pi\u0119kne s\u0142oneczko @opener_festival #opener2018 #wGdyni @MeteoprognozaPL pic.twitter.com\/CchMnL9GlP &mdash; Gdynia (@MiastoGdynia) 7 lipca 2018 Fot. Lechos\u0142aw Dzier\u017cak<\/p>\n","protected":false},"author":1,"featured_media":0,"comment_status":"open","ping_status":"open","sticky":false,"template":"","format":"standard","meta":{"footnotes":""},"categories":[1,4],"tags":[],"_links":{"self":[{"href":"https:\/\/lechoslaw.dzierzak.eu\/index.php\/wp-json\/wp\/v2\/posts\/3183"}],"collection":[{"href":"https:\/\/lechoslaw.dzierzak.eu\/index.php\/wp-json\/wp\/v2\/posts"}],"about":[{"href":"https:\/\/lechoslaw.dzierzak.eu\/index.php\/wp-json\/wp\/v2\/types\/post"}],"author":[{"embeddable":true,"href":"https:\/\/lechoslaw.dzierzak.eu\/index.php\/wp-json\/wp\/v2\/users\/1"}],"replies":[{"embeddable":true,"href":"https:\/\/lechoslaw.dzierzak.eu\/index.php\/wp-json\/wp\/v2\/comments?post=3183"}],"version-history":[{"count":1,"href":"https:\/\/lechoslaw.dzierzak.eu\/index.php\/wp-json\/wp\/v2\/posts\/3183\/revisions"}],"predecessor-version":[{"id":3184,"href":"https:\/\/lechoslaw.dzierzak.eu\/index.php\/wp-json\/wp\/v2\/posts\/3183\/revisions\/3184"}],"wp:attachment":[{"href":"https:\/\/lechoslaw.dzierzak.eu\/index.php\/wp-json\/wp\/v2\/media?parent=3183"}],"wp:term":[{"taxonomy":"category","embeddable":true,"href":"https:\/\/lechoslaw.dzierzak.eu\/index.php\/wp-json\/wp\/v2\/categories?post=3183"},{"taxonomy":"post_tag","embeddable":true,"href":"https:\/\/lechoslaw.dzierzak.eu\/index.php\/wp-json\/wp\/v2\/tags?post=3183"}],"curies":[{"name":"wp","href":"https:\/\/api.w.org\/{rel}","templated":true}]}}