{"id":2994,"date":"2018-01-16T21:35:02","date_gmt":"2018-01-16T19:35:02","guid":{"rendered":"https:\/\/lechoslaw.dzierzak.eu\/?p=2994"},"modified":"2018-04-10T21:35:51","modified_gmt":"2018-04-10T19:35:51","slug":"gala-gdynskiego-sportu-2","status":"publish","type":"post","link":"https:\/\/lechoslaw.dzierzak.eu\/index.php\/gala-gdynskiego-sportu-2\/","title":{"rendered":"Gala Gdy\u0144skiego Sportu 2"},"content":{"rendered":"<blockquote class=\"twitter-tweet\" data-lang=\"pl\">\n<p lang=\"pl\" dir=\"ltr\">Sportowcy roku: Natalia Kozio\u0142 i Rafa\u0142 Siemaszko <a href=\"https:\/\/twitter.com\/hashtag\/lekkoatletyka?src=hash&amp;ref_src=twsrc%5Etfw\">#lekkoatletyka<\/a> <a href=\"https:\/\/twitter.com\/hashtag\/pi%C5%82kano%C5%BCna?src=hash&amp;ref_src=twsrc%5Etfw\">#pi\u0142kano\u017cna<\/a> <a href=\"https:\/\/twitter.com\/hashtag\/arkagdynia?src=hash&amp;ref_src=twsrc%5Etfw\">#arkagdynia<\/a> <a href=\"https:\/\/twitter.com\/hashtag\/wGdyni?src=hash&amp;ref_src=twsrc%5Etfw\">#wGdyni<\/a> <a href=\"https:\/\/twitter.com\/GdyniaSport?ref_src=twsrc%5Etfw\">@GdyniaSport<\/a> <a href=\"https:\/\/t.co\/UYT2XtbQFR\">pic.twitter.com\/UYT2XtbQFR<\/a><\/p>\n<p>&mdash; Lechos\u0142aw Dzier\u017cak (@LDzierzak) <a href=\"https:\/\/twitter.com\/LDzierzak\/status\/953369288961871872?ref_src=twsrc%5Etfw\">16 stycznia 2018<\/a><\/p><\/blockquote>\n<p><script async src=\"https:\/\/platform.twitter.com\/widgets.js\" charset=\"utf-8\"><\/script><\/p>\n","protected":false},"excerpt":{"rendered":"<p>Sportowcy roku: Natalia Kozio\u0142 i Rafa\u0142 Siemaszko #lekkoatletyka #pi\u0142kano\u017cna #arkagdynia #wGdyni @GdyniaSport pic.twitter.com\/UYT2XtbQFR &mdash; Lechos\u0142aw Dzier\u017cak (@LDzierzak) 16 stycznia 2018<\/p>\n","protected":false},"author":1,"featured_media":0,"comment_status":"open","ping_status":"open","sticky":false,"template":"","format":"standard","meta":{"footnotes":""},"categories":[1],"tags":[],"_links":{"self":[{"href":"https:\/\/lechoslaw.dzierzak.eu\/index.php\/wp-json\/wp\/v2\/posts\/2994"}],"collection":[{"href":"https:\/\/lechoslaw.dzierzak.eu\/index.php\/wp-json\/wp\/v2\/posts"}],"about":[{"href":"https:\/\/lechoslaw.dzierzak.eu\/index.php\/wp-json\/wp\/v2\/types\/post"}],"author":[{"embeddable":true,"href":"https:\/\/lechoslaw.dzierzak.eu\/index.php\/wp-json\/wp\/v2\/users\/1"}],"replies":[{"embeddable":true,"href":"https:\/\/lechoslaw.dzierzak.eu\/index.php\/wp-json\/wp\/v2\/comments?post=2994"}],"version-history":[{"count":1,"href":"https:\/\/lechoslaw.dzierzak.eu\/index.php\/wp-json\/wp\/v2\/posts\/2994\/revisions"}],"predecessor-version":[{"id":2995,"href":"https:\/\/lechoslaw.dzierzak.eu\/index.php\/wp-json\/wp\/v2\/posts\/2994\/revisions\/2995"}],"wp:attachment":[{"href":"https:\/\/lechoslaw.dzierzak.eu\/index.php\/wp-json\/wp\/v2\/media?parent=2994"}],"wp:term":[{"taxonomy":"category","embeddable":true,"href":"https:\/\/lechoslaw.dzierzak.eu\/index.php\/wp-json\/wp\/v2\/categories?post=2994"},{"taxonomy":"post_tag","embeddable":true,"href":"https:\/\/lechoslaw.dzierzak.eu\/index.php\/wp-json\/wp\/v2\/tags?post=2994"}],"curies":[{"name":"wp","href":"https:\/\/api.w.org\/{rel}","templated":true}]}}