{"id":2544,"date":"2017-04-21T19:19:24","date_gmt":"2017-04-21T17:19:24","guid":{"rendered":"https:\/\/lechoslaw.dzierzak.eu\/?p=2544"},"modified":"2017-04-22T14:22:25","modified_gmt":"2017-04-22T12:22:25","slug":"strefa-rodzica-w-szpitalu-morskim-w-redlowie","status":"publish","type":"post","link":"https:\/\/lechoslaw.dzierzak.eu\/index.php\/strefa-rodzica-w-szpitalu-morskim-w-redlowie\/","title":{"rendered":"Strefa Rodzica w Szpitalu Morskim w Red\u0142owie"},"content":{"rendered":"<p>Otwarcie nowego pomieszczenia, przyjaznego dla mamy i taty \ud83d\ude42 <\/p>\n<blockquote class=\"twitter-tweet\" data-lang=\"pl\">\n<p lang=\"pl\" dir=\"ltr\">Nowa Strefa rodzica w Szpitalu Morskim im. <a href=\"https:\/\/twitter.com\/hashtag\/PCK?src=hash\">#PCK<\/a> <a href=\"https:\/\/twitter.com\/hashtag\/wGdyni?src=hash\">#wGdyni<\/a> <a href=\"https:\/\/twitter.com\/MiastoGdynia\">@MiastoGdynia<\/a> oddzia\u0142 neonatologiczny i intensywnej terapii noworodka <a href=\"https:\/\/twitter.com\/hashtag\/budimex?src=hash\">#budimex<\/a> <a href=\"https:\/\/t.co\/T7B0kR69XQ\">pic.twitter.com\/T7B0kR69XQ<\/a><\/p>\n<p>&mdash; Lechos\u0142aw Dzier\u017cak (@LDzierzak) <a href=\"https:\/\/twitter.com\/LDzierzak\/status\/855430482250657792\">21 kwietnia 2017<\/a><\/p><\/blockquote>\n<p><script async src=\"\/\/platform.twitter.com\/widgets.js\" charset=\"utf-8\"><\/script><\/p>\n<p><a href=\"http:\/\/www.dziennikbaltycki.pl\/wiadomosci\/gdynia\/a\/w-szpitalu-w-redlowie-powstala-strefa-rodzica-zdjecia,12008509\/\">W szpitalu w Red\u0142owie powsta\u0142a strefa rodzica <\/a> (Dziennik Ba\u0142tycki by Lechos\u0142aw Dzier\u017cak)<\/p>\n","protected":false},"excerpt":{"rendered":"<p>Otwarcie nowego pomieszczenia, przyjaznego dla mamy i taty \ud83d\ude42 Nowa Strefa rodzica w Szpitalu Morskim im. #PCK #wGdyni @MiastoGdynia oddzia\u0142 neonatologiczny i intensywnej terapii noworodka #budimex pic.twitter.com\/T7B0kR69XQ &mdash; Lechos\u0142aw Dzier\u017cak (@LDzierzak) 21 kwietnia 2017 W szpitalu w Red\u0142owie powsta\u0142a strefa rodzica (Dziennik Ba\u0142tycki by Lechos\u0142aw Dzier\u017cak)<\/p>\n","protected":false},"author":1,"featured_media":0,"comment_status":"open","ping_status":"open","sticky":false,"template":"","format":"standard","meta":{"footnotes":""},"categories":[1],"tags":[],"_links":{"self":[{"href":"https:\/\/lechoslaw.dzierzak.eu\/index.php\/wp-json\/wp\/v2\/posts\/2544"}],"collection":[{"href":"https:\/\/lechoslaw.dzierzak.eu\/index.php\/wp-json\/wp\/v2\/posts"}],"about":[{"href":"https:\/\/lechoslaw.dzierzak.eu\/index.php\/wp-json\/wp\/v2\/types\/post"}],"author":[{"embeddable":true,"href":"https:\/\/lechoslaw.dzierzak.eu\/index.php\/wp-json\/wp\/v2\/users\/1"}],"replies":[{"embeddable":true,"href":"https:\/\/lechoslaw.dzierzak.eu\/index.php\/wp-json\/wp\/v2\/comments?post=2544"}],"version-history":[{"count":2,"href":"https:\/\/lechoslaw.dzierzak.eu\/index.php\/wp-json\/wp\/v2\/posts\/2544\/revisions"}],"predecessor-version":[{"id":2546,"href":"https:\/\/lechoslaw.dzierzak.eu\/index.php\/wp-json\/wp\/v2\/posts\/2544\/revisions\/2546"}],"wp:attachment":[{"href":"https:\/\/lechoslaw.dzierzak.eu\/index.php\/wp-json\/wp\/v2\/media?parent=2544"}],"wp:term":[{"taxonomy":"category","embeddable":true,"href":"https:\/\/lechoslaw.dzierzak.eu\/index.php\/wp-json\/wp\/v2\/categories?post=2544"},{"taxonomy":"post_tag","embeddable":true,"href":"https:\/\/lechoslaw.dzierzak.eu\/index.php\/wp-json\/wp\/v2\/tags?post=2544"}],"curies":[{"name":"wp","href":"https:\/\/api.w.org\/{rel}","templated":true}]}}