{"id":2515,"date":"2017-04-13T18:05:26","date_gmt":"2017-04-13T16:05:26","guid":{"rendered":"https:\/\/lechoslaw.dzierzak.eu\/?p=2515"},"modified":"2017-04-15T18:07:21","modified_gmt":"2017-04-15T16:07:21","slug":"o-planowaniu-przestrzennym-w-gdyni","status":"publish","type":"post","link":"https:\/\/lechoslaw.dzierzak.eu\/index.php\/o-planowaniu-przestrzennym-w-gdyni\/","title":{"rendered":"O planowaniu przestrzennym w Gdyni"},"content":{"rendered":"<blockquote class=\"twitter-tweet\" data-lang=\"pl\">\n<p lang=\"pl\" dir=\"ltr\">Jest szansa na jeszcze lepsze relacje przy planowaniu przestrzennym Gdyni <a href=\"https:\/\/twitter.com\/hashtag\/wGdyni?src=hash\">#wGdyni<\/a> <a href=\"https:\/\/twitter.com\/hashtag\/MiastoWsp%C3%B3lne?src=hash\">#MiastoWsp\u00f3lne<\/a> <a href=\"https:\/\/t.co\/B4eywCKCCD\">pic.twitter.com\/B4eywCKCCD<\/a><\/p>\n<p>&mdash; Lechos\u0142aw Dzier\u017cak (@LDzierzak) <a href=\"https:\/\/twitter.com\/LDzierzak\/status\/852599486157377536\">13 kwietnia 2017<\/a><\/p><\/blockquote>\n<p><script async src=\"\/\/platform.twitter.com\/widgets.js\" charset=\"utf-8\"><\/script><\/p>\n<p>Najbli\u017csze dzia\u0142ania:<br \/>\n1. zorganizowanie (przez BPPMG i Miasto Wsp\u00f3lne) w InfoBoxie spotkania i dyskusji dot. planu obejmuj\u0105cego Mi\u0119dzytorze \u2013 z zaproszeniem w\u0142a\u015bciciela gruntu i inwestora;<br \/>\n2. uruchomienie przez BPPMG w\u0142asnej strony internetowej jeszcze w tym roku;<br \/>\n3. zorganizowanie przez BPPMG we wsp\u00f3\u0142pracy Rad\u0105 Dzielnicy dyskusji na temat wybranego planu miejscowego \u2013 na najwcze\u015bniejszym etapie jego sporz\u0105dzania;<br \/>\n4. zorganizowanie og\u00f3lnomiejskiego spotkania w InfoBoxie maj\u0105cego na celu wypracowanie konkretnych narz\u0119dzi dla Gdyni, mog\u0105cych zwi\u0119kszy\u0107 partycypacj\u0119 mieszka\u0144c\u00f3w w opracowywaniu plan\u00f3w miejscowych.<\/p>\n","protected":false},"excerpt":{"rendered":"<p>Jest szansa na jeszcze lepsze relacje przy planowaniu przestrzennym Gdyni #wGdyni #MiastoWsp\u00f3lne pic.twitter.com\/B4eywCKCCD &mdash; Lechos\u0142aw Dzier\u017cak (@LDzierzak) 13 kwietnia 2017 Najbli\u017csze dzia\u0142ania: 1. zorganizowanie (przez BPPMG i Miasto Wsp\u00f3lne) w InfoBoxie spotkania i dyskusji dot. planu obejmuj\u0105cego Mi\u0119dzytorze \u2013 z zaproszeniem w\u0142a\u015bciciela gruntu i inwestora; 2. uruchomienie przez BPPMG w\u0142asnej strony internetowej jeszcze w tym&hellip; <br \/> <a class=\"read-more\" href=\"https:\/\/lechoslaw.dzierzak.eu\/index.php\/o-planowaniu-przestrzennym-w-gdyni\/\">Dowiedz si\u0119 wi\u0119cej<\/a><\/p>\n","protected":false},"author":1,"featured_media":0,"comment_status":"open","ping_status":"open","sticky":false,"template":"","format":"standard","meta":{"footnotes":""},"categories":[1],"tags":[],"_links":{"self":[{"href":"https:\/\/lechoslaw.dzierzak.eu\/index.php\/wp-json\/wp\/v2\/posts\/2515"}],"collection":[{"href":"https:\/\/lechoslaw.dzierzak.eu\/index.php\/wp-json\/wp\/v2\/posts"}],"about":[{"href":"https:\/\/lechoslaw.dzierzak.eu\/index.php\/wp-json\/wp\/v2\/types\/post"}],"author":[{"embeddable":true,"href":"https:\/\/lechoslaw.dzierzak.eu\/index.php\/wp-json\/wp\/v2\/users\/1"}],"replies":[{"embeddable":true,"href":"https:\/\/lechoslaw.dzierzak.eu\/index.php\/wp-json\/wp\/v2\/comments?post=2515"}],"version-history":[{"count":1,"href":"https:\/\/lechoslaw.dzierzak.eu\/index.php\/wp-json\/wp\/v2\/posts\/2515\/revisions"}],"predecessor-version":[{"id":2516,"href":"https:\/\/lechoslaw.dzierzak.eu\/index.php\/wp-json\/wp\/v2\/posts\/2515\/revisions\/2516"}],"wp:attachment":[{"href":"https:\/\/lechoslaw.dzierzak.eu\/index.php\/wp-json\/wp\/v2\/media?parent=2515"}],"wp:term":[{"taxonomy":"category","embeddable":true,"href":"https:\/\/lechoslaw.dzierzak.eu\/index.php\/wp-json\/wp\/v2\/categories?post=2515"},{"taxonomy":"post_tag","embeddable":true,"href":"https:\/\/lechoslaw.dzierzak.eu\/index.php\/wp-json\/wp\/v2\/tags?post=2515"}],"curies":[{"name":"wp","href":"https:\/\/api.w.org\/{rel}","templated":true}]}}