{"id":2487,"date":"2017-04-02T19:19:01","date_gmt":"2017-04-02T17:19:01","guid":{"rendered":"https:\/\/lechoslaw.dzierzak.eu\/?p=2487"},"modified":"2017-04-02T19:22:14","modified_gmt":"2017-04-02T17:22:14","slug":"niebieski-marsz-swiatowy-dzien-wiedzy-o-autyzmie","status":"publish","type":"post","link":"https:\/\/lechoslaw.dzierzak.eu\/index.php\/niebieski-marsz-swiatowy-dzien-wiedzy-o-autyzmie\/","title":{"rendered":"Niebieski Marsz &#8211; \u015awiatowy dzie\u0144 wiedzy o auty\u017amie"},"content":{"rendered":"<blockquote class=\"twitter-tweet\">\n<p dir=\"ltr\" lang=\"pl\">AUTYZM? Zdarza si\u0119 \ud83d\ude09<br \/>\nPo raz drugi na niebieskiej paradzie <a href=\"https:\/\/twitter.com\/hashtag\/wGdyni?src=hash\">#wGdyni<\/a> <a href=\"https:\/\/twitter.com\/hashtag\/autyzm?src=hash\">#autyzm<\/a> <a href=\"https:\/\/twitter.com\/hashtag\/niebieskaparada?src=hash\">#niebieskaparada<\/a> <a href=\"https:\/\/twitter.com\/hashtag\/niebieskimarszt?src=hash\">#niebieskimarszt<\/a> <a href=\"https:\/\/twitter.com\/hashtag\/autismawarenessday?src=hash\">#autismawarenessday<\/a> <a href=\"https:\/\/t.co\/dpgwQER2VK\">pic.twitter.com\/dpgwQER2VK<\/a><\/p>\n<p>\u2014 Lechos\u0142aw Dzier\u017cak (@LDzierzak) <a href=\"https:\/\/twitter.com\/LDzierzak\/status\/848555402769960961\">2 kwietnia 2017<\/a><\/p><\/blockquote>\n<p><script src=\"\/\/platform.twitter.com\/widgets.js\"><\/script><\/p>\n<blockquote class=\"twitter-tweet\"><p>\nNiebieski Marsz <a href=\"https:\/\/twitter.com\/hashtag\/wGdyni?src=hash\">#wGdyni<\/a> <a href=\"https:\/\/twitter.com\/hashtag\/autyzm?src=hash\">#autyzm<\/a> zdarza si\u0119 \ud83d\ude09 <a href=\"https:\/\/twitter.com\/hashtag\/niebieskaparada?src=hash\">#niebieskaparada<\/a> <a href=\"https:\/\/twitter.com\/hashtag\/niebieskimarsz?src=hash\">#niebieskimarsz<\/a> <a href=\"https:\/\/twitter.com\/hashtag\/autismawarenessday?src=hash\">#autismawarenessday<\/a> (fot. M.Gil) <a href=\"https:\/\/t.co\/OytRsxHXkt\">pic.twitter.com\/OytRsxHXkt<\/a> \u2014 Lechos\u0142aw Dzier\u017cak (@LDzierzak) <a href=\"https:\/\/twitter.com\/LDzierzak\/status\/848562350756179968\">2 kwietnia 2017<\/a>\n<\/p><\/blockquote>\n<p><script src=\"\/\/platform.twitter.com\/widgets.js\"><\/script><\/p>\n<p><a href=\"http:\/\/www.dziennikbaltycki.pl\/wiadomosci\/gdynia\/a\/niebieski-marsz-przeszedl-przez-gdynie,11945848\/\"><img decoding=\"async\" class=\"alignnone\" src=\"https:\/\/d-pt.ppstatic.pl\/k\/r\/1\/9a\/e6\/58e118fe26554_p.jpg?1491152557\" alt=\"\" width=\"555\" \/><\/a><\/p>\n<h1><a href=\"http:\/\/www.dziennikbaltycki.pl\/wiadomosci\/gdynia\/a\/niebieski-marsz-przeszedl-przez-gdynie,11945848\/\">Niebieski marsz przeszed\u0142 przez Gdyni\u0119<\/a><\/h1>\n","protected":false},"excerpt":{"rendered":"<p>AUTYZM? Zdarza si\u0119 \ud83d\ude09 Po raz drugi na niebieskiej paradzie #wGdyni #autyzm #niebieskaparada #niebieskimarszt #autismawarenessday pic.twitter.com\/dpgwQER2VK \u2014 Lechos\u0142aw Dzier\u017cak (@LDzierzak) 2 kwietnia 2017 Niebieski Marsz #wGdyni #autyzm zdarza si\u0119 \ud83d\ude09 #niebieskaparada #niebieskimarsz #autismawarenessday (fot. M.Gil) pic.twitter.com\/OytRsxHXkt \u2014 Lechos\u0142aw Dzier\u017cak (@LDzierzak) 2 kwietnia 2017 Niebieski marsz przeszed\u0142 przez Gdyni\u0119<\/p>\n","protected":false},"author":1,"featured_media":0,"comment_status":"open","ping_status":"open","sticky":false,"template":"","format":"standard","meta":{"footnotes":""},"categories":[1,4],"tags":[],"_links":{"self":[{"href":"https:\/\/lechoslaw.dzierzak.eu\/index.php\/wp-json\/wp\/v2\/posts\/2487"}],"collection":[{"href":"https:\/\/lechoslaw.dzierzak.eu\/index.php\/wp-json\/wp\/v2\/posts"}],"about":[{"href":"https:\/\/lechoslaw.dzierzak.eu\/index.php\/wp-json\/wp\/v2\/types\/post"}],"author":[{"embeddable":true,"href":"https:\/\/lechoslaw.dzierzak.eu\/index.php\/wp-json\/wp\/v2\/users\/1"}],"replies":[{"embeddable":true,"href":"https:\/\/lechoslaw.dzierzak.eu\/index.php\/wp-json\/wp\/v2\/comments?post=2487"}],"version-history":[{"count":3,"href":"https:\/\/lechoslaw.dzierzak.eu\/index.php\/wp-json\/wp\/v2\/posts\/2487\/revisions"}],"predecessor-version":[{"id":2492,"href":"https:\/\/lechoslaw.dzierzak.eu\/index.php\/wp-json\/wp\/v2\/posts\/2487\/revisions\/2492"}],"wp:attachment":[{"href":"https:\/\/lechoslaw.dzierzak.eu\/index.php\/wp-json\/wp\/v2\/media?parent=2487"}],"wp:term":[{"taxonomy":"category","embeddable":true,"href":"https:\/\/lechoslaw.dzierzak.eu\/index.php\/wp-json\/wp\/v2\/categories?post=2487"},{"taxonomy":"post_tag","embeddable":true,"href":"https:\/\/lechoslaw.dzierzak.eu\/index.php\/wp-json\/wp\/v2\/tags?post=2487"}],"curies":[{"name":"wp","href":"https:\/\/api.w.org\/{rel}","templated":true}]}}