{"id":1958,"date":"2016-05-21T23:19:27","date_gmt":"2016-05-21T21:19:27","guid":{"rendered":"https:\/\/lechoslaw.dzierzak.eu\/?p=1958"},"modified":"2016-06-09T23:43:15","modified_gmt":"2016-06-09T21:43:15","slug":"festyn-przy-zespole-wczesnej-edukacji-w-gdyni-2016","status":"publish","type":"post","link":"https:\/\/lechoslaw.dzierzak.eu\/index.php\/festyn-przy-zespole-wczesnej-edukacji-w-gdyni-2016\/","title":{"rendered":"Festyn przy Zespole Wczesnej Edukacji w Gdyni 2016"},"content":{"rendered":"<blockquote class=\"twitter-tweet\" data-lang=\"pl\">\n<p lang=\"pl\" dir=\"ltr\">Festyn przy Zespole Wczesnej Edukacji <a href=\"https:\/\/twitter.com\/MiastoGdynia\">@MiastoGdynia<\/a> <a href=\"https:\/\/twitter.com\/hashtag\/GdyniaD%C4%85browa?src=hash\">#GdyniaD\u0105browa<\/a> <a href=\"https:\/\/twitter.com\/hashtag\/festyn?src=hash\">#festyn<\/a> <a href=\"https:\/\/t.co\/2hLXOgrmP7\">pic.twitter.com\/2hLXOgrmP7<\/a><\/p>\n<p>&mdash; Lechos\u0142aw Dzier\u017cak (@LDzierzak) <a href=\"https:\/\/twitter.com\/LDzierzak\/status\/734007029774331904\">21 maja 2016<\/a><\/p><\/blockquote>\n<p><script async src=\"\/\/platform.twitter.com\/widgets.js\" charset=\"utf-8\"><\/script><\/p>\n<p><a href=\"https:\/\/www.facebook.com\/radadabrowa\/photos\/?tab=album&#038;album_id=1004391559656814\">Wi\u0119cej zdj\u0119\u0107<\/a><\/p>\n","protected":false},"excerpt":{"rendered":"<p>Festyn przy Zespole Wczesnej Edukacji @MiastoGdynia #GdyniaD\u0105browa #festyn pic.twitter.com\/2hLXOgrmP7 &mdash; Lechos\u0142aw Dzier\u017cak (@LDzierzak) 21 maja 2016 Wi\u0119cej zdj\u0119\u0107<\/p>\n","protected":false},"author":1,"featured_media":0,"comment_status":"open","ping_status":"open","sticky":false,"template":"","format":"standard","meta":{"footnotes":""},"categories":[15],"tags":[153,104,105,224],"_links":{"self":[{"href":"https:\/\/lechoslaw.dzierzak.eu\/index.php\/wp-json\/wp\/v2\/posts\/1958"}],"collection":[{"href":"https:\/\/lechoslaw.dzierzak.eu\/index.php\/wp-json\/wp\/v2\/posts"}],"about":[{"href":"https:\/\/lechoslaw.dzierzak.eu\/index.php\/wp-json\/wp\/v2\/types\/post"}],"author":[{"embeddable":true,"href":"https:\/\/lechoslaw.dzierzak.eu\/index.php\/wp-json\/wp\/v2\/users\/1"}],"replies":[{"embeddable":true,"href":"https:\/\/lechoslaw.dzierzak.eu\/index.php\/wp-json\/wp\/v2\/comments?post=1958"}],"version-history":[{"count":3,"href":"https:\/\/lechoslaw.dzierzak.eu\/index.php\/wp-json\/wp\/v2\/posts\/1958\/revisions"}],"predecessor-version":[{"id":2037,"href":"https:\/\/lechoslaw.dzierzak.eu\/index.php\/wp-json\/wp\/v2\/posts\/1958\/revisions\/2037"}],"wp:attachment":[{"href":"https:\/\/lechoslaw.dzierzak.eu\/index.php\/wp-json\/wp\/v2\/media?parent=1958"}],"wp:term":[{"taxonomy":"category","embeddable":true,"href":"https:\/\/lechoslaw.dzierzak.eu\/index.php\/wp-json\/wp\/v2\/categories?post=1958"},{"taxonomy":"post_tag","embeddable":true,"href":"https:\/\/lechoslaw.dzierzak.eu\/index.php\/wp-json\/wp\/v2\/tags?post=1958"}],"curies":[{"name":"wp","href":"https:\/\/api.w.org\/{rel}","templated":true}]}}