{"id":186,"date":"2011-01-29T14:56:05","date_gmt":"2011-01-29T14:56:05","guid":{"rendered":"https:\/\/lechoslaw.dzierzak.eu\/?p=186"},"modified":"2011-02-05T13:28:24","modified_gmt":"2011-02-05T13:28:24","slug":"walne-zgromadzenie-mlodych-dla-gdyni","status":"publish","type":"post","link":"https:\/\/lechoslaw.dzierzak.eu\/index.php\/walne-zgromadzenie-mlodych-dla-gdyni\/","title":{"rendered":"Walne zgromadzenie M\u0142odych dla Gdyni"},"content":{"rendered":"<p><a href=\"https:\/\/lechoslaw.dzierzak.eu\/wp-content\/uploads\/2011\/01\/MDG_LOGO_OFFICIAL.jpg\"><img loading=\"lazy\" decoding=\"async\" class=\"alignright size-full wp-image-188\" title=\"Logo MdG\" src=\"https:\/\/lechoslaw.dzierzak.eu\/wp-content\/uploads\/2011\/01\/MDG_LOGO_OFFICIAL.jpg\" alt=\"\" width=\"123\" height=\"167\" \/><\/a>W dniu dzisiejszym (29 stycznia) odby\u0142o si\u0119 Walne Zgromadzenie cz\u0142onk\u00f3w Stowarzyszenia 'M\u0142odzi dla Gdyni&#8217;. Podczas g\u0142osowania ju\u017c po raz pi\u0105ty z rz\u0119du otrzyma\u0142em poparcie i miejsce w zarz\u0105dzie stowarzyszenia. Tego samego dnia odby\u0142o si\u0119 r\u00f3wnie\u017c pierwsze zebranie nowego zarz\u0105du, na kt\u00f3rym zosta\u0142y przeg\u0142osowane funkcje poszczeg\u00f3lnych jego cz\u0142onk\u00f3w.<\/p>\n<p>W sk\u0142ad zarz\u0105du Stowarzyszenia &#8222;M\u0142odzi dla Gdyni&#8221; wchodz\u0105:<\/p>\n<ol>\n<li>Artur Dziambor &#8211; Prezes Stowarzyszenia<\/li>\n<li>Patryk Felmet &#8211; Wiceprezes Stowarzyszenia<\/li>\n<li>Lechos\u0142aw Dzier\u017cak &#8211; Wiceprezes Stowarzyszenia<\/li>\n<li>Janusz K\u0119dzierski &#8211; Sekretarz Stowarzyszenia<\/li>\n<li>\u0141ukasz Ka\u017amierczak &#8211; Skarbnik Stowarzyszenia<\/li>\n<\/ol>\n<p>Bardzo dzi\u0119kuj\u0119 za poparcie i licz\u0119 na to, \u017ce razem uda nam si\u0119 osi\u0105gn\u0105\u0107 wiele sukces\u00f3w.<\/p>\n","protected":false},"excerpt":{"rendered":"<p>W dniu dzisiejszym (29 stycznia) odby\u0142o si\u0119 Walne Zgromadzenie cz\u0142onk\u00f3w Stowarzyszenia 'M\u0142odzi dla Gdyni&#8217;. Podczas g\u0142osowania ju\u017c po raz pi\u0105ty z rz\u0119du otrzyma\u0142em poparcie i miejsce w zarz\u0105dzie stowarzyszenia. Tego samego dnia odby\u0142o si\u0119 r\u00f3wnie\u017c pierwsze zebranie nowego zarz\u0105du, na kt\u00f3rym zosta\u0142y przeg\u0142osowane funkcje poszczeg\u00f3lnych jego cz\u0142onk\u00f3w. W sk\u0142ad zarz\u0105du Stowarzyszenia &#8222;M\u0142odzi dla Gdyni&#8221; wchodz\u0105:&hellip; <br \/> <a class=\"read-more\" href=\"https:\/\/lechoslaw.dzierzak.eu\/index.php\/walne-zgromadzenie-mlodych-dla-gdyni\/\">Dowiedz si\u0119 wi\u0119cej<\/a><\/p>\n","protected":false},"author":1,"featured_media":0,"comment_status":"open","ping_status":"open","sticky":false,"template":"","format":"standard","meta":{"footnotes":""},"categories":[3],"tags":[26,27,29,28],"_links":{"self":[{"href":"https:\/\/lechoslaw.dzierzak.eu\/index.php\/wp-json\/wp\/v2\/posts\/186"}],"collection":[{"href":"https:\/\/lechoslaw.dzierzak.eu\/index.php\/wp-json\/wp\/v2\/posts"}],"about":[{"href":"https:\/\/lechoslaw.dzierzak.eu\/index.php\/wp-json\/wp\/v2\/types\/post"}],"author":[{"embeddable":true,"href":"https:\/\/lechoslaw.dzierzak.eu\/index.php\/wp-json\/wp\/v2\/users\/1"}],"replies":[{"embeddable":true,"href":"https:\/\/lechoslaw.dzierzak.eu\/index.php\/wp-json\/wp\/v2\/comments?post=186"}],"version-history":[{"count":6,"href":"https:\/\/lechoslaw.dzierzak.eu\/index.php\/wp-json\/wp\/v2\/posts\/186\/revisions"}],"predecessor-version":[{"id":191,"href":"https:\/\/lechoslaw.dzierzak.eu\/index.php\/wp-json\/wp\/v2\/posts\/186\/revisions\/191"}],"wp:attachment":[{"href":"https:\/\/lechoslaw.dzierzak.eu\/index.php\/wp-json\/wp\/v2\/media?parent=186"}],"wp:term":[{"taxonomy":"category","embeddable":true,"href":"https:\/\/lechoslaw.dzierzak.eu\/index.php\/wp-json\/wp\/v2\/categories?post=186"},{"taxonomy":"post_tag","embeddable":true,"href":"https:\/\/lechoslaw.dzierzak.eu\/index.php\/wp-json\/wp\/v2\/tags?post=186"}],"curies":[{"name":"wp","href":"https:\/\/api.w.org\/{rel}","templated":true}]}}