{"id":1648,"date":"2015-10-12T20:31:36","date_gmt":"2015-10-12T18:31:36","guid":{"rendered":"https:\/\/lechoslaw.dzierzak.eu\/?p=1648"},"modified":"2015-10-15T10:35:39","modified_gmt":"2015-10-15T08:35:39","slug":"otwarcie-nowych-oddzialow-przedszkolnych-na-dabrowie","status":"publish","type":"post","link":"https:\/\/lechoslaw.dzierzak.eu\/index.php\/otwarcie-nowych-oddzialow-przedszkolnych-na-dabrowie\/","title":{"rendered":"Otwarcie nowych oddzia\u0142\u00f3w przedszkolnych na D\u0105browie"},"content":{"rendered":"<p>Uda\u0142o si\u0119! Zosta\u0142y otwarte dwa nowe oddzia\u0142y przedszkolne w Zespole Wczesnej Edukacji nr 1 w Gdyni. W tym roku po raz pierwszy od czasu kiedy jestem radnym nikt nie zadzwoni\u0142 z pro\u015bb\u0105 o pomoc, bo jego dziecko nie dosta\u0142o si\u0119 do przedszkola. W tym roku zosta\u0142y przyj\u0119te wszystkie dzieci!<\/p>\n\n\t\t<style type=\"text\/css\">\n\t\t\t#gallery-1 {\n\t\t\t\tmargin: auto;\n\t\t\t}\n\t\t\t#gallery-1 .gallery-item {\n\t\t\t\tfloat: left;\n\t\t\t\tmargin-top: 10px;\n\t\t\t\ttext-align: center;\n\t\t\t\twidth: 33%;\n\t\t\t}\n\t\t\t#gallery-1 img {\n\t\t\t\tborder: 2px solid #cfcfcf;\n\t\t\t}\n\t\t\t#gallery-1 .gallery-caption {\n\t\t\t\tmargin-left: 0;\n\t\t\t}\n\t\t\t\/* see gallery_shortcode() in wp-includes\/media.php *\/\n\t\t<\/style>\n\t\t<div id='gallery-1' class='gallery galleryid-1648 gallery-columns-3 gallery-size-thumbnail'><dl class='gallery-item'>\n\t\t\t<dt class='gallery-icon landscape'>\n\t\t\t\t<a href='https:\/\/lechoslaw.dzierzak.eu\/wp-content\/uploads\/2015\/10\/1444691488_56392702_org.jpg'><img loading=\"lazy\" decoding=\"async\" width=\"150\" height=\"150\" src=\"https:\/\/lechoslaw.dzierzak.eu\/wp-content\/uploads\/2015\/10\/1444691488_56392702_org-150x150.jpg\" class=\"attachment-thumbnail size-thumbnail\" alt=\"\" \/><\/a>\n\t\t\t<\/dt><\/dl><dl class='gallery-item'>\n\t\t\t<dt class='gallery-icon landscape'>\n\t\t\t\t<a href='https:\/\/lechoslaw.dzierzak.eu\/wp-content\/uploads\/2015\/10\/1444691494_86845107_org.jpg'><img loading=\"lazy\" decoding=\"async\" width=\"150\" height=\"150\" src=\"https:\/\/lechoslaw.dzierzak.eu\/wp-content\/uploads\/2015\/10\/1444691494_86845107_org-150x150.jpg\" class=\"attachment-thumbnail size-thumbnail\" alt=\"\" \/><\/a>\n\t\t\t<\/dt><\/dl><dl class='gallery-item'>\n\t\t\t<dt class='gallery-icon landscape'>\n\t\t\t\t<a href='https:\/\/lechoslaw.dzierzak.eu\/wp-content\/uploads\/2015\/10\/1444691614_20253361_org.jpg'><img loading=\"lazy\" decoding=\"async\" width=\"150\" height=\"150\" src=\"https:\/\/lechoslaw.dzierzak.eu\/wp-content\/uploads\/2015\/10\/1444691614_20253361_org-150x150.jpg\" class=\"attachment-thumbnail size-thumbnail\" alt=\"\" \/><\/a>\n\t\t\t<\/dt><\/dl><br style=\"clear: both\" \/>\n\t\t<\/div>\n\n<p style=\"text-align: right;\"><a href=\"http:\/\/mlodagdynia.pl\/galeria\/przegladaj\/2761\">Wi\u0119cej zdj\u0119\u0107<\/a><\/p>\n","protected":false},"excerpt":{"rendered":"<p>Uda\u0142o si\u0119! Zosta\u0142y otwarte dwa nowe oddzia\u0142y przedszkolne w Zespole Wczesnej Edukacji nr 1 w Gdyni. W tym roku po raz pierwszy od czasu kiedy jestem radnym nikt nie zadzwoni\u0142 z pro\u015bb\u0105 o pomoc, bo jego dziecko nie dosta\u0142o si\u0119 do przedszkola. W tym roku zosta\u0142y przyj\u0119te wszystkie dzieci! Wi\u0119cej zdj\u0119\u0107<\/p>\n","protected":false},"author":1,"featured_media":0,"comment_status":"open","ping_status":"open","sticky":false,"template":"","format":"standard","meta":{"footnotes":""},"categories":[1,15],"tags":[],"_links":{"self":[{"href":"https:\/\/lechoslaw.dzierzak.eu\/index.php\/wp-json\/wp\/v2\/posts\/1648"}],"collection":[{"href":"https:\/\/lechoslaw.dzierzak.eu\/index.php\/wp-json\/wp\/v2\/posts"}],"about":[{"href":"https:\/\/lechoslaw.dzierzak.eu\/index.php\/wp-json\/wp\/v2\/types\/post"}],"author":[{"embeddable":true,"href":"https:\/\/lechoslaw.dzierzak.eu\/index.php\/wp-json\/wp\/v2\/users\/1"}],"replies":[{"embeddable":true,"href":"https:\/\/lechoslaw.dzierzak.eu\/index.php\/wp-json\/wp\/v2\/comments?post=1648"}],"version-history":[{"count":3,"href":"https:\/\/lechoslaw.dzierzak.eu\/index.php\/wp-json\/wp\/v2\/posts\/1648\/revisions"}],"predecessor-version":[{"id":1654,"href":"https:\/\/lechoslaw.dzierzak.eu\/index.php\/wp-json\/wp\/v2\/posts\/1648\/revisions\/1654"}],"wp:attachment":[{"href":"https:\/\/lechoslaw.dzierzak.eu\/index.php\/wp-json\/wp\/v2\/media?parent=1648"}],"wp:term":[{"taxonomy":"category","embeddable":true,"href":"https:\/\/lechoslaw.dzierzak.eu\/index.php\/wp-json\/wp\/v2\/categories?post=1648"},{"taxonomy":"post_tag","embeddable":true,"href":"https:\/\/lechoslaw.dzierzak.eu\/index.php\/wp-json\/wp\/v2\/tags?post=1648"}],"curies":[{"name":"wp","href":"https:\/\/api.w.org\/{rel}","templated":true}]}}