{"id":1298,"date":"2015-03-20T22:06:51","date_gmt":"2015-03-20T20:06:51","guid":{"rendered":"https:\/\/lechoslaw.dzierzak.eu\/?p=1298"},"modified":"2015-05-27T15:52:51","modified_gmt":"2015-05-27T13:52:51","slug":"zakonczenie-kadencji-rady-dzielnicy-dabrowa","status":"publish","type":"post","link":"https:\/\/lechoslaw.dzierzak.eu\/index.php\/zakonczenie-kadencji-rady-dzielnicy-dabrowa\/","title":{"rendered":"Zako\u0144czenie kadencji Rady Dzielnicy D\u0105browa"},"content":{"rendered":"<p>Zako\u0144czy\u0142a si\u0119 moja kadencja w Radzie Dzielnicy D\u0105browa. Cztery lata temu zosta\u0142em Radnym po raz pierwszy. Jeszcze raz dzi\u0119kuj\u0119 wszystkim, kt\u00f3rzy mi wtedy zaufali. Mam nadziej\u0119, \u017ce spe\u0142ni\u0142em Wasze oczekiwania. Wybrane osi\u0105gni\u0119cia mo\u017cecie zobaczy\u0107 w zak\u0142adce na mojej stronie <a href=\"https:\/\/lechoslaw.dzierzak.eu\/index.php\/radny-dzielnicy\/\">(Radny Dzielnicy)<\/a>. Dzi\u0119kuj\u0119 Wszystkim za wsp\u00f3\u0142prac\u0119 i mam nadziej\u0119, \u017ce w najbli\u017cszych wyborach zaufacie mi po raz kolejny i b\u0119d\u0119 m\u00f3g\u0142 kontynuowa\u0107 rozpocz\u0119te projekty. Dzi\u0119kuj\u0119!<\/p>\n<p style=\"text-align: center;\"><img decoding=\"async\" class=\"size-full wp-image-1299 aligncenter\" title=\"Beata Szadziul, Stanis\u0142aw Borski, Lechos\u0142aw Dzier\u017cak\" src=\"https:\/\/lechoslaw.dzierzak.eu\/wp-content\/uploads\/2015\/03\/WP_20150320_17_32_09_Pro1-Kopia.jpg\" alt=\"\" width=\"555\" srcset=\"https:\/\/lechoslaw.dzierzak.eu\/wp-content\/uploads\/2015\/03\/WP_20150320_17_32_09_Pro1-Kopia.jpg 3072w, https:\/\/lechoslaw.dzierzak.eu\/wp-content\/uploads\/2015\/03\/WP_20150320_17_32_09_Pro1-Kopia-300x168.jpg 300w, https:\/\/lechoslaw.dzierzak.eu\/wp-content\/uploads\/2015\/03\/WP_20150320_17_32_09_Pro1-Kopia-1024x576.jpg 1024w\" sizes=\"(max-width: 3072px) 100vw, 3072px\" \/><\/p>\n","protected":false},"excerpt":{"rendered":"<p>Zako\u0144czy\u0142a si\u0119 moja kadencja w Radzie Dzielnicy D\u0105browa. Cztery lata temu zosta\u0142em Radnym po raz pierwszy. Jeszcze raz dzi\u0119kuj\u0119 wszystkim, kt\u00f3rzy mi wtedy zaufali. Mam nadziej\u0119, \u017ce spe\u0142ni\u0142em Wasze oczekiwania. Wybrane osi\u0105gni\u0119cia mo\u017cecie zobaczy\u0107 w zak\u0142adce na mojej stronie (Radny Dzielnicy). Dzi\u0119kuj\u0119 Wszystkim za wsp\u00f3\u0142prac\u0119 i mam nadziej\u0119, \u017ce w najbli\u017cszych wyborach zaufacie mi po&hellip; <br \/> <a class=\"read-more\" href=\"https:\/\/lechoslaw.dzierzak.eu\/index.php\/zakonczenie-kadencji-rady-dzielnicy-dabrowa\/\">Dowiedz si\u0119 wi\u0119cej<\/a><\/p>\n","protected":false},"author":1,"featured_media":0,"comment_status":"open","ping_status":"open","sticky":false,"template":"","format":"standard","meta":{"footnotes":""},"categories":[1,15,99],"tags":[173],"_links":{"self":[{"href":"https:\/\/lechoslaw.dzierzak.eu\/index.php\/wp-json\/wp\/v2\/posts\/1298"}],"collection":[{"href":"https:\/\/lechoslaw.dzierzak.eu\/index.php\/wp-json\/wp\/v2\/posts"}],"about":[{"href":"https:\/\/lechoslaw.dzierzak.eu\/index.php\/wp-json\/wp\/v2\/types\/post"}],"author":[{"embeddable":true,"href":"https:\/\/lechoslaw.dzierzak.eu\/index.php\/wp-json\/wp\/v2\/users\/1"}],"replies":[{"embeddable":true,"href":"https:\/\/lechoslaw.dzierzak.eu\/index.php\/wp-json\/wp\/v2\/comments?post=1298"}],"version-history":[{"count":3,"href":"https:\/\/lechoslaw.dzierzak.eu\/index.php\/wp-json\/wp\/v2\/posts\/1298\/revisions"}],"predecessor-version":[{"id":1301,"href":"https:\/\/lechoslaw.dzierzak.eu\/index.php\/wp-json\/wp\/v2\/posts\/1298\/revisions\/1301"}],"wp:attachment":[{"href":"https:\/\/lechoslaw.dzierzak.eu\/index.php\/wp-json\/wp\/v2\/media?parent=1298"}],"wp:term":[{"taxonomy":"category","embeddable":true,"href":"https:\/\/lechoslaw.dzierzak.eu\/index.php\/wp-json\/wp\/v2\/categories?post=1298"},{"taxonomy":"post_tag","embeddable":true,"href":"https:\/\/lechoslaw.dzierzak.eu\/index.php\/wp-json\/wp\/v2\/tags?post=1298"}],"curies":[{"name":"wp","href":"https:\/\/api.w.org\/{rel}","templated":true}]}}